{"id":9642,"date":"2025-09-05T00:10:00","date_gmt":"2025-09-04T22:10:00","guid":{"rendered":"https:\/\/lambdanachrichten.at\/?p=9642"},"modified":"2025-09-03T23:02:19","modified_gmt":"2025-09-03T21:02:19","slug":"wo-wir-im-tv-sind","status":"publish","type":"post","link":"https:\/\/lambdanachrichten.at\/?p=9642","title":{"rendered":"Wo wir im TV sind"},"content":{"rendered":"\n<h2 class=\"wp-block-heading\">Der Aufstieg und Fall von queerer Repr\u00e4sentation<\/h2>\n\n\n\n<h3 class=\"wp-block-heading\">Queere Identifikation &amp; Akzeptanz der LGBTQIA+-Community<\/h3>\n\n\n\n<p class=\"has-drop-cap\">2023 identifizierte sich 7,6 % der US-Bev\u00f6lkerung als queer. 2013 waren es noch 3,6 %. In den USA, aber auch weltweit, ist ein Anstieg der Zugeh\u00f6rigkeit zur LGBTQIA+-Community zu beobachten. In der Generation Z, also Menschen, die zwischen 1997 und 2012 geboren sind, bezeichneten sich 22,3 % als LGBTQIA+. <\/p>\n\n\n\n<p>Der Anstieg der Zugeh\u00f6rigkeit zur LGBTQIA+-Community ist auf die gestiegene Akzeptanz von queeren Menschen zur\u00fcckzuf\u00fchren. Das zeigt sich auch darin, dass sich in den Niederlanden 17 %, in Deutschland 12 % und in Ungarn nur 5 % der LGBTQIA+-Community zuordnen. Durch den erneuten weltweiten Rechtsruck nimmt die Akzeptanz allerdings wieder ab. Hass und Gewaltverbrechen gegen queere Menschen steigen rapide. Dies ist vor allem bei M\u00e4nnern der Generation Z zu beobachten: Junge Frauen in Deutschland bef\u00fcrworten zu 65 % die LGBTQIA+-Community, bei den jungen deutschen M\u00e4nnern liegt der Wert nur mehr bei 30 %. <\/p>\n\n\n\n<h3 class=\"wp-block-heading\">Wie spiegelt sich das in der Repr\u00e4sentation in Film und Fernsehen wider?<\/h3>\n\n\n\n<p>Damit besch\u00e4ftigt sich die US-amerikanische Organisation GLAAD. Urspr\u00fcnglich als \u201eGay &amp; Lesbian Alliance Against Defamation\u201c gegr\u00fcndet, setzt sich GLAAD heute f\u00fcr eine faire, korrekte und inklusive Darstellung von queeren Personen ein. Neben den allj\u00e4hrlichen GLAAD Media Awards, wo herausragende Darstellungen von LGBTQIA+-Personen und ihre Storys geehrt werden, analysiert sie im \u201eWhere We Are on TV\u201c-Bericht seit 1996 auch die LGBTQIA+-Repr\u00e4sentation im Fernsehen. <\/p>\n\n\n\n<p>In der TV-Saison 2013\/14 der USA waren nur 3,3 % Hauptcharaktere in Serien queer. 2019\/20 waren es bereits 10,2 % und 2021\/22 gab es ein Rekordhoch von 11,9&nbsp;%. Seit 2022 geht es mit der Repr\u00e4sentation aber wieder bergab. 2023\/24 waren nur mehr 8,6 % der Hauptcharaktere Teil der LGBTQIA+-Community, das ist der niedrigste Wert seit sechs Jahren. Zudem werden von allen 468 gez\u00e4hlten LGBTQIA+-Charakteren mindestens 112 (24 %) aufgrund von Serienabsetzungen oder -ende nicht zur\u00fcckkehren.<\/p>\n\n\n\n<p>Ein Teil dieses R\u00fcckgangs ist auf Streiks der Writers Guild of America und der Screen Actors Guild zur\u00fcckzuf\u00fchren, die die Produktion stoppten. Es l\u00e4sst aber auch auf die legislativen und gesellschaftlichen Attacken gegen queeres Leben r\u00fcckschlie\u00dfen. Trumps Pr\u00e4sidentschaftsgewinn wird diesen Trend wohl weiterhin versch\u00e4rfen. <\/p>\n\n\n\n<h3 class=\"wp-block-heading\">Warum ist Repr\u00e4sentation wichtig?<\/h3>\n\n\n\n<p>Anhand einer Querschnittsbefragung unter Jugendlichen von sexuellen Minderheiten wurde festgestellt, dass LGBTQIA+-Fernsehkonsum keinen signifikanten Einfluss auf mentale Gesundheit und Minderheitenstress, also der zus\u00e4tzliche Stress, dem Menschen aufgrund ihrer Zugeh\u00f6rigkeit zu einer stigmatisierten Minderheitengruppe ausgesetzt sind, hat. Es gibt jedoch positive direkte Auswirkungen von Konsum queerer Medieninhalten auf Resilienz und Identit\u00e4tsbest\u00e4tigung.<\/p>\n\n\n\n<p>Andere Studien zeigen zudem, dass cis-hetero Erwachsene, die in Medien mit der LGBTQIA+-Community in Ber\u00fchrung kommen, sich insgesamt 30 % h\u00e4ufiger mit LGBTQIA+-Personen vertraut f\u00fchlen als Menschen, die in Medien nicht mit queeren Menschen in Ber\u00fchrung gekommen sind.<\/p>\n\n\n\n<p>Vor allem bei den aktuellen Attacken gegen queere Menschen ist authentische und realistische Repr\u00e4sentation also essenziell. <\/p>\n","protected":false},"excerpt":{"rendered":"<p>Der Aufstieg und Fall von queerer Repr\u00e4sentation Queere Identifikation &amp; Akzeptanz der LGBTQIA+-Community 2023 identifizierte sich 7,6 % der US-Bev\u00f6lkerung als queer. 2013 waren es noch 3,6 %. In den USA, aber auch weltweit, ist ein Anstieg der Zugeh\u00f6rigkeit zur LGBTQIA+-Community zu beobachten. In der Generation Z, also Menschen, die zwischen 1997 und 2012 geboren [&hellip;]<\/p>\n","protected":false},"author":60,"featured_media":9644,"comment_status":"closed","ping_status":"closed","sticky":false,"template":"","format":"standard","meta":{"footnotes":""},"categories":[20],"tags":[120,121],"class_list":["post-9642","post","type-post","status-publish","format-standard","has-post-thumbnail","hentry","category-schwerpunkt","tag-lambda-200","tag-queere-medien"],"_links":{"self":[{"href":"https:\/\/lambdanachrichten.at\/index.php?rest_route=\/wp\/v2\/posts\/9642","targetHints":{"allow":["GET"]}}],"collection":[{"href":"https:\/\/lambdanachrichten.at\/index.php?rest_route=\/wp\/v2\/posts"}],"about":[{"href":"https:\/\/lambdanachrichten.at\/index.php?rest_route=\/wp\/v2\/types\/post"}],"author":[{"embeddable":true,"href":"https:\/\/lambdanachrichten.at\/index.php?rest_route=\/wp\/v2\/users\/60"}],"replies":[{"embeddable":true,"href":"https:\/\/lambdanachrichten.at\/index.php?rest_route=%2Fwp%2Fv2%2Fcomments&post=9642"}],"version-history":[{"count":2,"href":"https:\/\/lambdanachrichten.at\/index.php?rest_route=\/wp\/v2\/posts\/9642\/revisions"}],"predecessor-version":[{"id":9645,"href":"https:\/\/lambdanachrichten.at\/index.php?rest_route=\/wp\/v2\/posts\/9642\/revisions\/9645"}],"wp:featuredmedia":[{"embeddable":true,"href":"https:\/\/lambdanachrichten.at\/index.php?rest_route=\/wp\/v2\/media\/9644"}],"wp:attachment":[{"href":"https:\/\/lambdanachrichten.at\/index.php?rest_route=%2Fwp%2Fv2%2Fmedia&parent=9642"}],"wp:term":[{"taxonomy":"category","embeddable":true,"href":"https:\/\/lambdanachrichten.at\/index.php?rest_route=%2Fwp%2Fv2%2Fcategories&post=9642"},{"taxonomy":"post_tag","embeddable":true,"href":"https:\/\/lambdanachrichten.at\/index.php?rest_route=%2Fwp%2Fv2%2Ftags&post=9642"}],"curies":[{"name":"wp","href":"https:\/\/api.w.org\/{rel}","templated":true}]}}