{"id":962,"date":"2021-06-04T00:51:03","date_gmt":"2021-06-04T00:51:03","guid":{"rendered":"https:\/\/staging.lambdanachrichten.at\/?p=962"},"modified":"2021-06-23T19:12:42","modified_gmt":"2021-06-23T19:12:42","slug":"pride","status":"publish","type":"post","link":"https:\/\/lambdanachrichten.at\/?p=962","title":{"rendered":"Pride!"},"content":{"rendered":"\n<h2 class=\"wp-block-heading\">Nicht mehr schweigen wollen, sich nicht mehr selbst verleugnen und ein selbstbestimmtes Leben f\u00fchren!<\/h2>\n\n\n\n<p class=\"has-drop-cap\">Ich bin Inter! Intergeschlechtlichkeit ist ein Umbrella-Begriff f\u00fcr Menschen mit Variationen der Geschlechtsmerkmale, wie interne und\/oder externe Geschlechtsorgane, Gonaden, Hormonspiegel, Chromosomen oder Kombinationen aus den Genannten. Die Natur ist nicht nur schwarz und wei\u00df, sie ist bunt! Die Natur liebt die Vielfalt und genauso vielf\u00e4ltig sind auch unsere K\u00f6rper! <\/p>\n\n\n\n<p>Meine Teenagerjahre waren eine spezielle Herausforderung f\u00fcr mich, ich kam in keine Pubert\u00e4t. Die Menschen in meinem Umfeld und in der Schule ver\u00e4nderten sich, ich nicht. Sie entdeckten mit Begeisterung ihre K\u00f6rper und ihre Sexualit\u00e4t. F\u00fcr mich war vorrangig, warum sich mein K\u00f6rper nicht ver\u00e4nderte. <\/p>\n\n\n\n<p>Den Verdacht hatte ich schon seit Jahrzehnten, aber erst vor kurzem erhielt ich die medizinische Diagnose meiner Art der Intergeschlechtlichkeit. Jedoch fingen die Probleme f\u00fcr mich dann erst an. Da mein K\u00f6rper keine Sexualhormone produziert, meinte mein Arzt ich habe Testosteron zu nehmen und dann werde alles gut! Ich machte ihm verst\u00e4ndlich, dass wenn ich schon Hormone einnehmen sollte, dann nur \u00d6strogen. Darauf kam nur die Aussage \u201eMachen Sie sich doch nicht noch mehr zum Freak, als Sie eh schon sind!\u201c Und \u201eversuchen Sie doch Testosteron mal f\u00fcr ein paar Monate, Sie werden budern und es wird Ihnen gefallen und Sie werden gl\u00fccklich sein!\u201c Ich lehnte dankend ab.<\/p>\n\n\n\n<p>Im Nachhinein bin ich froh, dass ich nicht in meiner Kindheit oder Pubert\u00e4t die Diagnose erhielt, denn damals h\u00e4tte ich mich nicht gegen die Behandlungsempfehlungen (operativer oder hormoneller Art) wehren k\u00f6nnen. In der Zwischenzeit habe ich das Wissen und vor allem das Selbstbewusstsein, einem Arzt zu widersprechen!<\/p>\n\n\n\n<p>Es ist unser K\u00f6rper und unsere Entscheidung wann, welche und ob \u00fcberhaupt eine Behandlung erfolgen soll!<\/p>\n\n\n\n<p>Ich begann mit Menschen in meinem Umfeld offen \u00fcber Intergeschlechtlichkeit zu sprechen und merkte schnell, dass nur die wenigsten davon schon mal etwas geh\u00f6rt haben. Es ist ein Gespr\u00e4ch, das halt auch nicht zwischen T\u00fcr-und-Angel zu f\u00fchren ist. Es bedarf Zeit hierf\u00fcr, da die Auswirkungen und die Rolle der Medizin so enorm sind. Reaktionen von Personen, die leider auch immer wieder passieren, sind \u201eich bin eine Person die offen f\u00fcr solche Dinge ist, aber du solltest vorsichtig sein, wem du deine Geschichte erz\u00e4hlst\u201c oder noch besser, \u201eDas ist doch kein Thema, das man in die \u00d6ffentlichkeit tr\u00e4gt!\u201c  Da zeigt sich die Tabuisierung dieses Themas, die besonders seit den 1950er Jahren entstanden ist, als mit operativen Eingriffen begonnen wurden und \u00c4rzte den Eltern angeraten haben das Thema den Kindern und dem Umfeld gegen\u00fcber zu verheimlichen. Das hat ganz massive Folgen f\u00fcr uns intergeschlechtliche Menschen gehabt und hat es leider immer noch! <\/p>\n\n\n\n<figure class=\"wp-block-image size-large is-style-default\"><img loading=\"lazy\" decoding=\"async\" width=\"800\" height=\"326\" src=\"https:\/\/lambdanachrichten.at\/wp-content\/uploads\/2021\/05\/NOBNOBs_Victoria-Manaia_Putick_Inter_Flag.jpg\" alt=\"Inter-Falg\" class=\"wp-image-964\" srcset=\"https:\/\/lambdanachrichten.at\/wp-content\/uploads\/2021\/05\/NOBNOBs_Victoria-Manaia_Putick_Inter_Flag.jpg 800w, https:\/\/lambdanachrichten.at\/wp-content\/uploads\/2021\/05\/NOBNOBs_Victoria-Manaia_Putick_Inter_Flag-300x122.jpg 300w, https:\/\/lambdanachrichten.at\/wp-content\/uploads\/2021\/05\/NOBNOBs_Victoria-Manaia_Putick_Inter_Flag-150x61.jpg 150w, https:\/\/lambdanachrichten.at\/wp-content\/uploads\/2021\/05\/NOBNOBs_Victoria-Manaia_Putick_Inter_Flag-768x313.jpg 768w\" sizes=\"auto, (max-width: 800px) 100vw, 800px\" \/><figcaption>Inter-Flag (\u00a9 NOBNOBs Victoria-Manaia Putick)<\/figcaption><\/figure>\n\n\n\n<h3 class=\"wp-block-heading\">Wo ist die Grenze zwischen Interesse und jemanden in Bedr\u00e4ngnis bringen? <\/h3>\n\n\n\n<p>Da ich mich au\u00dferhalb der Binarit\u00e4t von Frau und Mann verstehe, habe ich einen alternativen Geschlechtseintrag gew\u00e4hlt. Dies ist leider nach derzeitigem Stand nur in Reisepass, Personalausweis und Geburtsurkunde ersichtlich, hierf\u00fcr werden die Daten vom ZPR (Zentrales Personenregister) abgefragt. F\u00fcr alle anderen Informationen werden, ob das jetzt das W\u00e4hlerregister, Firmenbuch, Finanzamt, Sozialversicherung oder sonst eine staatliche Beh\u00f6rde oder Institution ist, die Daten vom ZMR (Zentrales Melderegister) abgefragt &#8211; in diesem besteht derzeit nur die M\u00f6glichkeit &#8222;Frau&#8220; oder &#8222;Mann&#8220; auszuw\u00e4hlen. <\/p>\n\n\n\n<p>So bleibt mir nichts anderes \u00fcbrig, als die Menschen, die mit mir in Kontakt kommen, darauf aufmerksam zu machen, dass ich einfach nur mit Vor- und Zunamen und nicht mit irgendeiner Art von Geschlechtsbezeichnung angesprochen werde m\u00f6chte!<\/p>\n\n\n\n<p>Ich schreibe dies aus gegebenem Anlass: Ich hatte unl\u00e4ngst eine Behandlung in einer medizinischen Einrichtung, wo ich meine Bitte \u201eder Art und Weise mich anzusprechen\u201c direkt bei der Anmeldung deponierte. Es wurde zur Kenntnis genommen und ich freute mich, dass es manchmal doch auch so unkompliziert sein kann!<\/p>\n\n\n\n<p>Jedoch in der Behandlung kam dann die Person von der Anmeldung wieder auf mich zu. Sie nahm sich einen Stuhl und machte die T\u00fcr zu, ich wusste sofort was jetzt kommt. Sie begann direkte Fragen zu stellen: Welchem Geschlecht wurde ich bei der Geburt zugewiesen, oder \u201eWie f\u00fchlt man sich, wenn man intergeschlechtlich ist?\u201c und einiges mehr. Ich versuchte dieser Person Rede und Antwort zu stehen. Auf die Frage, wie ich mich als Inter-Person f\u00fchle, drehte ich den Spie\u00df um und fragte, wie sich die Person in Ihrem Geschlecht f\u00fchle?<\/p>\n\n\n\n<p>Nur war das kein Gespr\u00e4ch, sondern hatte eher den Charakter eines Verh\u00f6res &#8211; vor allem f\u00fcr mich in einer Situation, wo ich nicht einfach gehen konnte, wenn es mir zu viel wird. Ich war ja f\u00fcr eine geplante Behandlung dort, die dann auch zum Gl\u00fcck schon startete. Bei der n\u00e4chsten Gelegenheit sprach ich ganz konkret die Person an und versuchte ihr klar zu machen, dass diese Art und Weise der Informationsgewinnung nicht angebracht ist! Die Person war \u00e4u\u00dferst irritiert und meinte nur \u201esie h\u00e4tte doch das Recht Fragen zu stellen\u201c, die befragte Person habe doch die M\u00f6glichkeit nicht zu antworten! Ich verneinte. Die Person wurde zunehmend ungehemmter und forderte das Recht ihrer Neugierbefriedigung f\u00fcr sich ein. Ich widersprach ihr nochmals und mit Nachdruck, dass das nicht in Ordnung sei. Wenn ich etwas sage, erz\u00e4hle oder erkl\u00e4re, ist dass das eine, denn es geschieht ohne Druck und aus freien St\u00fccken. Aber wenn mich eine Person aktiv ausfragt und vor allem auch noch nicht mal aussprechen l\u00e4sst, dann ist das nicht ok! Und noch viel weniger in einem medizinischen Setting, da leider sehr viele Inter-Personen ein ganz schwieriges Verh\u00e4ltnis mit medizinischen Einrichtungen und den Menschen, die dort arbeiten, haben, auf Grund von nicht selbstbestimmten Behandlungen wie Operationen im Kindesalter oder auch \u201enur\u201c ungefragter hormoneller Behandlungen oder \u00e4hnlichem!<\/p>\n\n\n\n<p>Sie ist eine angestellte Person in einer Gesundheitseinrichtung und ich bin hier f\u00fcr eine Behandlung, und genau in diesem Setting hat die Person <strong>kein und wirklich kein Recht, solche Fragen zu stellen!<\/strong><\/p>\n\n\n\n<p>Ich verwies auf die M\u00f6glichkeit von Workshops von VIM\u00d6, an denen Personen aus allen gesellschaftlichen und beruflichen Bereichen teilnehmen k\u00f6nnen. Bei diesen Workshops besteht auch immer in weiterer Folge die M\u00f6glichkeit, direkt an die vortragenden Personen Fragen zu stellen.<\/p>\n\n\n\n<p>Mein Fazit: Es ist sch\u00f6n, wenn Menschen Interesse haben und Neues lernen oder erfahren m\u00f6chten. Aber es ist vollkommen inakzeptabel, wenn es auf diese Art und Weise passiert und vor allem als selbstverst\u00e4ndlich eingefordert wird!<\/p>\n\n\n\n<p>Pride! Stolz und selbstbewusst zu sein, f\u00fcr sich selbst und andere einstehen! Auf Missst\u00e4nde in unserer Politik und Gesellschaft aufmerksam machen!<\/p>\n\n\n\n<p>Wir sind hier! Wir sind sch\u00f6n! Wir sind kreativ! Wir sind die Vielfalt, die eine Gesellschaft ausmacht!<\/p>\n\n\n\n<p><em>Wir werden zu einem gro\u00dfem Teil aus Spenden finanziert, daher z\u00e4hlt f\u00fcr uns jeder Beitrag! <br>Spenden: <br>VIM\u00d6 <br>IBAN: AT02 3473 2000 0019 4258 <br>BIC: RZOOAT2L732 <\/em><\/p>\n","protected":false},"excerpt":{"rendered":"<p>Nicht mehr schweigen wollen, sich nicht mehr selbst verleugnen und ein selbstbestimmtes Leben f\u00fchren! Ich bin Inter! Intergeschlechtlichkeit ist ein Umbrella-Begriff f\u00fcr Menschen mit Variationen der Geschlechtsmerkmale, wie interne und\/oder externe Geschlechtsorgane, Gonaden, Hormonspiegel, Chromosomen oder Kombinationen aus den Genannten. Die Natur ist nicht nur schwarz und wei\u00df, sie ist bunt! Die Natur liebt die [&hellip;]<\/p>\n","protected":false},"author":32,"featured_media":965,"comment_status":"closed","ping_status":"closed","sticky":false,"template":"","format":"standard","meta":{"footnotes":""},"categories":[20],"tags":[49,79],"class_list":["post-962","post","type-post","status-publish","format-standard","has-post-thumbnail","hentry","category-schwerpunkt","tag-lambda-183","tag-pride"],"_links":{"self":[{"href":"https:\/\/lambdanachrichten.at\/index.php?rest_route=\/wp\/v2\/posts\/962","targetHints":{"allow":["GET"]}}],"collection":[{"href":"https:\/\/lambdanachrichten.at\/index.php?rest_route=\/wp\/v2\/posts"}],"about":[{"href":"https:\/\/lambdanachrichten.at\/index.php?rest_route=\/wp\/v2\/types\/post"}],"author":[{"embeddable":true,"href":"https:\/\/lambdanachrichten.at\/index.php?rest_route=\/wp\/v2\/users\/32"}],"replies":[{"embeddable":true,"href":"https:\/\/lambdanachrichten.at\/index.php?rest_route=%2Fwp%2Fv2%2Fcomments&post=962"}],"version-history":[{"count":2,"href":"https:\/\/lambdanachrichten.at\/index.php?rest_route=\/wp\/v2\/posts\/962\/revisions"}],"predecessor-version":[{"id":967,"href":"https:\/\/lambdanachrichten.at\/index.php?rest_route=\/wp\/v2\/posts\/962\/revisions\/967"}],"wp:featuredmedia":[{"embeddable":true,"href":"https:\/\/lambdanachrichten.at\/index.php?rest_route=\/wp\/v2\/media\/965"}],"wp:attachment":[{"href":"https:\/\/lambdanachrichten.at\/index.php?rest_route=%2Fwp%2Fv2%2Fmedia&parent=962"}],"wp:term":[{"taxonomy":"category","embeddable":true,"href":"https:\/\/lambdanachrichten.at\/index.php?rest_route=%2Fwp%2Fv2%2Fcategories&post=962"},{"taxonomy":"post_tag","embeddable":true,"href":"https:\/\/lambdanachrichten.at\/index.php?rest_route=%2Fwp%2Fv2%2Ftags&post=962"}],"curies":[{"name":"wp","href":"https:\/\/api.w.org\/{rel}","templated":true}]}}