{"id":9546,"date":"2025-05-30T00:27:00","date_gmt":"2025-05-29T22:27:00","guid":{"rendered":"https:\/\/lambdanachrichten.at\/?p=9546"},"modified":"2025-05-29T22:05:14","modified_gmt":"2025-05-29T20:05:14","slug":"unite-in-pride","status":"publish","type":"post","link":"https:\/\/lambdanachrichten.at\/?p=9546","title":{"rendered":"Unite in Pride"},"content":{"rendered":"\n<h2 class=\"wp-block-heading\">In diesen Zeiten wichtiger denn je<\/h2>\n\n\n\n<p class=\"has-drop-cap\">Unser heuriges Vienna Pride Motto \u201eUnite in Pride\u201c trifft gleich zwei Geister der heutigen Zeit: Zum einen ist das Motto eine Aufforderung an unsere Community, dass wir uns alle gemeinsam in der Bewegung, die Pride ist, zusammenschlie\u00dfen und gemeinsam f\u00fcr Sichtbarkeit, Akzeptanz und unsere Rechte eintreten. Diese Aufforderung zum Zusammenschluss erstreckt sich nat\u00fcrlich auch auf Unterst\u00fctzer*innen unserer Community. Zum anderen ruft das Motto uns in Erinnerung, dass wir nicht einfach so zusammenkommen. Nein, wir marschieren zusammen \u201ein Pride\u201c. Seit vielen Jahrzehnten subsumiert sich unsere Community unter diesem Begriff, um selbstbewusst zu zeigen, dass wir stolz sind, auf das, was wir sind \u2013 Menschen mit vielf\u00e4ltigen sexuellen Orientierungen und Geschlechtsidentit\u00e4ten. Pride dr\u00fcckt auch die Verbindung innerhalb der LGBTIQ-Community aus, dass wir uns gemeinsam zusammenfinden, um den Vorurteilen, der Intoleranz und dem Hass der Mehrheitsgesellschaft gemeinsam entgegenzutreten.<\/p>\n\n\n\n<p>Leider wird dieser Hass auf unsere Community aktuell wieder st\u00e4rker und sp\u00fcrbarer f\u00fcr uns. In einer Zeit, in der man damit rechnen k\u00f6nnte, dass der gesellschaftliche Fortschritt zu mehr Toleranz und Respekt f\u00fchrt, wo es ein vergleichsweise fortschrittliches Regierungsprogramm f\u00fcr LGBTIQ gibt, hetzen rechte Parteien und rechtsextreme B\u00fcndnisse auf uns, schlie\u00dfen sich gar zu Hetzjagden auf Menschen zusammen, werden Pride-Paraden in Ungarn verboten. <\/p>\n\n\n\n<h3 class=\"wp-block-heading\">Call to action: #NAPjetzt!<\/h3>\n\n\n\n<p>Als Community m\u00fcssen wir Hass und Hetze gegen LGBTIQ-Personen gemeinsam bek\u00e4mpfen. Ein erster Schritt in diese Richtung ist das Forderungspapier zum Nationalen Aktionsplan (NAP) gegen Hate Crime, das von dutzenden LGBTIQ-Organisationen unterst\u00fctzt wird und das wir gemeinsam am 17. Mai, dem Internationalen Tag gegen Homo-, Bi-, Trans- und Interfeindlichkeit ver\u00f6ffentlicht haben. <\/p>\n\n\n\n<p>F\u00fcr die laufende Kampagne #NAPjetzt freuen wir uns \u00fcber die Unterst\u00fctzung jeder*jedes Einzelnen von euch! Macht einfach ein Foto mit dem ausgedruckten Kampagnen-Sujet oder vor dem Bauzaun-Banner am Pride Village und postet es mit dem #NAPjetzt. Das Forderungspapier sowie alle Infos zu weiteren Aktionen findet ihr auf unserer Website.<\/p>\n\n\n\n<p>Lasst uns gemeinsam laut und sichtbar f\u00fcreinander einstehen \u2013 solidarisch, vielf\u00e4ltig und entschlossen im Kampf gegen Hass und Intoleranz. Es gilt, jene Teile der Gesellschaft zu erreichen und zu gewinnen, die sich rechter Hetze bislang nicht angeschlossen haben. Mehr denn je d\u00fcrfen wir uns nicht spalten lassen, denn jeder Angriff auf einzelne Menschen oder Gruppen innerhalb unserer Community ist ein Angriff auf uns alle. Wo Hass und Gewalt geduldet werden, greifen sie rasch auf andere \u00fcber. Unsere Antwort darauf ist klar \u2013 mit geeinter Stimme, mit sichtbarem Stolz und unersch\u00fctterlichem Zusammenhalt setzen wir ein Zeichen: Wir sind viele. Wir sind laut. Und wir lassen uns nicht unterkriegen!<\/p>\n","protected":false},"excerpt":{"rendered":"<p>In diesen Zeiten wichtiger denn je Unser heuriges Vienna Pride Motto \u201eUnite in Pride\u201c trifft gleich zwei Geister der heutigen Zeit: Zum einen ist das Motto eine Aufforderung an unsere Community, dass wir uns alle gemeinsam in der Bewegung, die Pride ist, zusammenschlie\u00dfen und gemeinsam f\u00fcr Sichtbarkeit, Akzeptanz und unsere Rechte eintreten. Diese Aufforderung zum [&hellip;]<\/p>\n","protected":false},"author":37,"featured_media":9547,"comment_status":"closed","ping_status":"closed","sticky":false,"template":"","format":"standard","meta":{"footnotes":""},"categories":[11],"tags":[117],"class_list":["post-9546","post","type-post","status-publish","format-standard","has-post-thumbnail","hentry","category-editorial","tag-lambda-199"],"_links":{"self":[{"href":"https:\/\/lambdanachrichten.at\/index.php?rest_route=\/wp\/v2\/posts\/9546","targetHints":{"allow":["GET"]}}],"collection":[{"href":"https:\/\/lambdanachrichten.at\/index.php?rest_route=\/wp\/v2\/posts"}],"about":[{"href":"https:\/\/lambdanachrichten.at\/index.php?rest_route=\/wp\/v2\/types\/post"}],"author":[{"embeddable":true,"href":"https:\/\/lambdanachrichten.at\/index.php?rest_route=\/wp\/v2\/users\/37"}],"replies":[{"embeddable":true,"href":"https:\/\/lambdanachrichten.at\/index.php?rest_route=%2Fwp%2Fv2%2Fcomments&post=9546"}],"version-history":[{"count":1,"href":"https:\/\/lambdanachrichten.at\/index.php?rest_route=\/wp\/v2\/posts\/9546\/revisions"}],"predecessor-version":[{"id":9548,"href":"https:\/\/lambdanachrichten.at\/index.php?rest_route=\/wp\/v2\/posts\/9546\/revisions\/9548"}],"wp:featuredmedia":[{"embeddable":true,"href":"https:\/\/lambdanachrichten.at\/index.php?rest_route=\/wp\/v2\/media\/9547"}],"wp:attachment":[{"href":"https:\/\/lambdanachrichten.at\/index.php?rest_route=%2Fwp%2Fv2%2Fmedia&parent=9546"}],"wp:term":[{"taxonomy":"category","embeddable":true,"href":"https:\/\/lambdanachrichten.at\/index.php?rest_route=%2Fwp%2Fv2%2Fcategories&post=9546"},{"taxonomy":"post_tag","embeddable":true,"href":"https:\/\/lambdanachrichten.at\/index.php?rest_route=%2Fwp%2Fv2%2Ftags&post=9546"}],"curies":[{"name":"wp","href":"https:\/\/api.w.org\/{rel}","templated":true}]}}