{"id":9539,"date":"2025-05-30T00:26:00","date_gmt":"2025-05-29T22:26:00","guid":{"rendered":"https:\/\/lambdanachrichten.at\/?p=9539"},"modified":"2025-06-04T22:03:14","modified_gmt":"2025-06-04T20:03:14","slug":"hosi-wien-im-fruehling-3","status":"publish","type":"post","link":"https:\/\/lambdanachrichten.at\/?p=9539","title":{"rendered":"HOSI Wien im Fr\u00fchling"},"content":{"rendered":"\n<h2 class=\"wp-block-heading\">Ein unvollst\u00e4ndiger R\u00fcckblick<\/h2>\n\n\n\n<h3 class=\"wp-block-heading\">Names Project Wien<\/h3>\n\n\n\n<p>Das Names Project besuchte den Deutsch-\u00d6sterreichischen Aids Kongress in der Wiener Hofburg vom 20. \u2013 22. M\u00e4rz 2025.<\/p>\n\n\n\n<p>Im Zuge der letzten Dreharbeiten f\u00fcr das Archiv des Names Project Wien wurde auch eine von der HOSI Wien gesponserte Regenbogenfahne mit dem Red Ribbon an Pater Clemens f\u00fcr die Kirche Maria Gr\u00fcn \u00fcbergeben. Am 18. Mai fand dort auch der j\u00e4hrliche Aids Memorial Day statt; das Names Project Wien nahm, wie immer, daran teil und pr\u00e4sentierte einen Quilt.<\/p>\n\n\n\n<p>Das Names Project \u00fcbergab eine Quilt an Daniel Hill von der Community Queerhinthia f\u00fcr die Ausstellung: \u201eUnsichtbar? Unaufhaltsam!\u201c \u2013 Queere Geschichten zwischen Verfolgung, Widerstand und Sichtbarkeit in K\u00e4rnten und der Alpen-Adria-Region. Die Ausstellung wurde am 21. Mai er\u00f6ffnet und l\u00e4uft bis zum 29. Juni im Landesmuseum K\u00e4rnten.<\/p>\n\n\n\n<h3 class=\"wp-block-heading\">Antifaschistisches Komitee<\/h3>\n\n\n\n<p>Auf Einladung des KS\u0160\u0160D (Klub slovenskih koro\u0161kih akademikov na Dunaju; Klub der k\u00e4rntner slowenischen Akademiker in Wien) nahmen wir am 19. April teil an der j\u00e4hrlich stattfindenden Kommemoration f\u00fcr die\u202fk\u00e4rntner-slowenischen Widerstandk\u00e4mpfer*innen aus Zell Pfarre\/Sele\u202f fara, die im Landesgerichtshof f\u00fcr Strafsachen Wien 1943 hingerichtet\u202f wurden.\u202fDas Antifaschistische Komitee informierte in einem Redebeitrag \u00fcber die Verfolgung homosexueller Menschen w\u00e4hrend des NS Regimes, sowie \u00fcber Franz Doms, einem jungen Schwulen, der im Landesgerichtshof 1944 hingerichtet wurde.<\/p>\n\n\n\n<p>F\u00fcr den 11. Mai organisierten wir eine Fahrt in die KZ Gedenkst\u00e4tte Mauthausen anl\u00e4sslich der dort stattfindenden Internationalen Gedenk- und Befreiungsfeier. Diese erinnerte an die 80. Wiederkehr der Befreiung des KZ Mauthausen. Die diesj\u00e4hrigen Feierlichkeiten widmeten sich dem Thema \u201eGemeinsam f\u00fcr ein Niemals wieder\u201c. Am Samstag, den 10. Mai, war Markus Steup (HOSI Wien Antifaschistisches Komitee) bei den Feierlichkeiten im Au\u00dfenlager Gusen eingeladen, um gemeinsam mit Michael M\u00fcller (HOSI Linz) ein Statement im Namen unserer Opfergruppe abzugeben.<\/p>\n\n\n\n<h3 class=\"wp-block-heading\">Demonstrationen<\/h3>\n\n\n\n<p>Am feministischen Kampftag am 8. M\u00e4rz fanden wir uns zur Demo um gemeinsam f\u00fcr Gleichheit und Gerechtigkeit einzustehen. Beginnend am Sigmund-Freud-Park bei der Votivkirche marschierten wir von der Universit\u00e4tsstra\u00dfe \u00fcber den G\u00fcrtel bis hin zum Yppenplatz.<\/p>\n\n\n\n<p>Am 20. M\u00e4rz protestierten wir mit hunderten Unterst\u00fctzer*innen vor der ungarischen Botschaft in Wien als Protest gegen das neue Pride-Verbot in Ungarn.<\/p>\n\n\n<div class=\"wp-block-image\">\n<figure class=\"aligncenter size-full\"><img loading=\"lazy\" decoding=\"async\" width=\"781\" height=\"800\" src=\"https:\/\/lambdanachrichten.at\/wp-content\/uploads\/2025\/05\/HP-Kundgebung-2025.jpg\" alt=\"\" class=\"wp-image-9542\" srcset=\"https:\/\/lambdanachrichten.at\/wp-content\/uploads\/2025\/05\/HP-Kundgebung-2025.jpg 781w, https:\/\/lambdanachrichten.at\/wp-content\/uploads\/2025\/05\/HP-Kundgebung-2025-293x300.jpg 293w, https:\/\/lambdanachrichten.at\/wp-content\/uploads\/2025\/05\/HP-Kundgebung-2025-146x150.jpg 146w, https:\/\/lambdanachrichten.at\/wp-content\/uploads\/2025\/05\/HP-Kundgebung-2025-768x787.jpg 768w, https:\/\/lambdanachrichten.at\/wp-content\/uploads\/2025\/05\/HP-Kundgebung-2025-24x24.jpg 24w, https:\/\/lambdanachrichten.at\/wp-content\/uploads\/2025\/05\/HP-Kundgebung-2025-48x48.jpg 48w\" sizes=\"auto, (max-width: 781px) 100vw, 781px\" \/><figcaption class=\"wp-element-caption\">Helga-Pankratz-Kundgebung am 26. April (Credits HOSI Wien);<br>Lisa Hermanns, Bezirksvorsteherin Silvia Jankovic, Patricia Stromitzki, Roxie Romeo<\/figcaption><\/figure>\n<\/div>\n\n\n<p>Zum Lesbian Visibility Day am 26. April kamen wir am Helga-Pankratz-Platz zusammen \u2013 um sichtbar zu sein, um gemeinsam laut zu werden und um an eine von uns zu erinnern: Helga Pankratz. Sie hat unsere LesBiFem-Gruppe (damals Lesben*gruppe) mit aufgebaut und sich ihr Leben lang f\u00fcr lesbische Sichtbarkeit und queere Rechte eingesetzt. Dass der Platz, auf dem wir standen, ihren Namen tr\u00e4gt, macht uns stolz und dankbar.<\/p>\n\n\n\n<p>Am 17. Mai war IDAHOBIT \u2013 der internationale Tag gegen Homo-, Bi-, Inter- und Transphobie. Unter dem Motto \u201eBreak the binary\u201c gingen wir auf die (Mariahilfer-)Stra\u00dfe, um laut und sichtbar f\u00fcr ein Leben jenseits der Zweigeschlechternorm und gegen jede Form von Queerfeindlichkeit zu demonstrieren.<\/p>\n\n\n\n<h3 class=\"wp-block-heading\">Queer Sports Collective<\/h3>\n\n\n\n<p>Das Queer Sports Collective zeigte auch im Fr\u00fchling starke sportliche Aktivit\u00e4ten, mit mehreren Radtouren, Wanderungen und Laufevents. <\/p>\n\n\n\n<h3 class=\"wp-block-heading\">Ruth-Maier-Bibliothek<\/h3>\n\n\n\n<p>Wir freuen uns, die Bibliothek der HOSI Wien, benannt nach Ruth Maier, zu neuen regelm\u00e4\u00dfigen Zeiten zug\u00e4nglich zu machen. Beginnend mit 15. April wird die Bibliothek an jedem dritten Dienstag im Monat von 20:00 \u2013 21:30 Uhr w\u00e4hrend unseres \u201eOffenen Abend\u201c im Gugg allen interessierten Personen offenstehen. HOSI Wien Mitglieder k\u00f6nnen auch B\u00fccher entleihen \u2013 Mitgliedsausweis nicht vergessen! Mehr zu unserer Bibliothek, inklusive vollst\u00e4ndigem B\u00fccherkatalog, findet ihr online unter www.lambdanachrichten.at.<\/p>\n\n\n\n<h3 class=\"wp-block-heading\">Transgenderreferat<\/h3>\n\n\n\n<p>Carina war am Transgender Day of Visibility (31. M\u00e4rz) f\u00fcr uns bei einer Fachtagung zum Thema Transgendermedizin. Mo Blau hielt am selben Tag bei einer Fachtagung zum Thema gendersensible P\u00e4dagogik einen Workshop zum Thema Religion und Queer, gemeinsam mit Renate Tanzberger von der queeren Bildungsvernetzung des Vereins Efeu. Mo Blau war am 03. April anl\u00e4sslich des Transgender Day of Visibility live bei einer Radioshow der Aids Hilfe Wien (Radio Positiv); die Sendung kann online nachgeh\u00f6rt werden kann.<\/p>\n\n\n\n<h3 class=\"wp-block-heading\">Das Gugg<\/h3>\n\n\n\n<p>Wieder boten wir im Gugg regelm\u00e4\u00dfigen Events \u2013 Quizzes, Spieleabende, Werwolfabende \u2013 an unserem \u201eOffenen Abend\u201c und unseren Gruppenabenden der QYVIE und des LesBiFem-Teams. Als besonderes Highlight waren wir wieder mit von der Partie beim 69. Eurovision Song Contest mit einem Live-ESC-Schauen f\u00fcr die beiden Vorentscheidungen und nat\u00fcrlich das gro\u00dfe Finale.<\/p>\n","protected":false},"excerpt":{"rendered":"<p>Ein unvollst\u00e4ndiger R\u00fcckblick Names Project Wien Das Names Project besuchte den Deutsch-\u00d6sterreichischen Aids Kongress in der Wiener Hofburg vom 20. \u2013 22. M\u00e4rz 2025. Im Zuge der letzten Dreharbeiten f\u00fcr das Archiv des Names Project Wien wurde auch eine von der HOSI Wien gesponserte Regenbogenfahne mit dem Red Ribbon an Pater Clemens f\u00fcr die Kirche [&hellip;]<\/p>\n","protected":false},"author":64,"featured_media":9540,"comment_status":"closed","ping_status":"closed","sticky":false,"template":"","format":"standard","meta":{"footnotes":""},"categories":[16],"tags":[117],"class_list":["post-9539","post","type-post","status-publish","format-standard","has-post-thumbnail","hentry","category-community-politik","tag-lambda-199"],"_links":{"self":[{"href":"https:\/\/lambdanachrichten.at\/index.php?rest_route=\/wp\/v2\/posts\/9539","targetHints":{"allow":["GET"]}}],"collection":[{"href":"https:\/\/lambdanachrichten.at\/index.php?rest_route=\/wp\/v2\/posts"}],"about":[{"href":"https:\/\/lambdanachrichten.at\/index.php?rest_route=\/wp\/v2\/types\/post"}],"author":[{"embeddable":true,"href":"https:\/\/lambdanachrichten.at\/index.php?rest_route=\/wp\/v2\/users\/64"}],"replies":[{"embeddable":true,"href":"https:\/\/lambdanachrichten.at\/index.php?rest_route=%2Fwp%2Fv2%2Fcomments&post=9539"}],"version-history":[{"count":4,"href":"https:\/\/lambdanachrichten.at\/index.php?rest_route=\/wp\/v2\/posts\/9539\/revisions"}],"predecessor-version":[{"id":9545,"href":"https:\/\/lambdanachrichten.at\/index.php?rest_route=\/wp\/v2\/posts\/9539\/revisions\/9545"}],"wp:featuredmedia":[{"embeddable":true,"href":"https:\/\/lambdanachrichten.at\/index.php?rest_route=\/wp\/v2\/media\/9540"}],"wp:attachment":[{"href":"https:\/\/lambdanachrichten.at\/index.php?rest_route=%2Fwp%2Fv2%2Fmedia&parent=9539"}],"wp:term":[{"taxonomy":"category","embeddable":true,"href":"https:\/\/lambdanachrichten.at\/index.php?rest_route=%2Fwp%2Fv2%2Fcategories&post=9539"},{"taxonomy":"post_tag","embeddable":true,"href":"https:\/\/lambdanachrichten.at\/index.php?rest_route=%2Fwp%2Fv2%2Ftags&post=9539"}],"curies":[{"name":"wp","href":"https:\/\/api.w.org\/{rel}","templated":true}]}}