{"id":9436,"date":"2025-05-30T00:01:00","date_gmt":"2025-05-29T22:01:00","guid":{"rendered":"https:\/\/lambdanachrichten.at\/?p=9436"},"modified":"2025-05-29T19:46:24","modified_gmt":"2025-05-29T17:46:24","slug":"fotografisches-tagebuch","status":"publish","type":"post","link":"https:\/\/lambdanachrichten.at\/?p=9436","title":{"rendered":"Fotografisches Tagebuch"},"content":{"rendered":"\n<p class=\"has-drop-cap\">QWIEN \u2013 Zentrum f\u00fcr queere Geschichte (Ramperstorfferg. 39, 1050 Wien) zeigt unter dem Titel \u201eHOMO Diaries. self-portrait &amp; other stories\u201c zwischen 18. Juni und 28. September Fotografien von Sabine Schwaighofer. Die Vernissage findet am 17. Juni um 18:30 statt. Im Plakat versteckt sich im letzten O von HOMO ein kleines e und kann somit auch als \u201ehome\u201c gelesen werden \u2013 Tageb\u00fccher werden oft zu Hause geschrieben, oder, wie in diesem Fall, t\u00e4glich fotografiert, obwohl es von Schwaighofer auch ein mit Stift geschriebenes Diarium gibt.<\/p>\n\n\n\n<p>Mit 15 bekam sie ihre erste \u201epoint and click\u201c Kamera \u2013 schon damals entstanden Selbstportr\u00e4ts \u2013, dieser folgte 1987 eine Spiegelreflexkamera. Die aus Salzburg kommende und in Wien lebende Fotografin, die auch immer wieder als Dj in Erscheinung tritt, hat an der Schule f\u00fcr k\u00fcnstlerische Photographie bei Friedl Kubelka und an der Akademie der bildenden K\u00fcnste Wien bei Eva Schlegel studiert.&nbsp;<\/p>\n\n\n\n<p>In ihren Arbeiten setzt sich Schwaighofer mit K\u00f6rper, Geschlecht und Identit\u00e4t auseinander. Mit aufgeklebtem oder gemaltem Bart beispielsweise zeigt sie Geschlechter-Konstruktionen auf bzw. vielf\u00e4ltige Selbst-Identit\u00e4ten. Sie inszeniert sich selbst, setzt in vielen Fotografien ihren K\u00f6rper performativ ein. Dieser K\u00f6rper (als Kunstk\u00f6rper) kann aber auch verschwinden, durch Unsch\u00e4rfe, durch Fragmentierung oder durch eine Reduktion auf Objekte, die diesen K\u00f6rper umgeben, als Erweiterung des Selbst: ein voll ger\u00e4umter Tisch, eine Landschaft,\u2026 Ein Selbstportr\u00e4t kann somit auch ein Einblick in den eigenen Kleiderschrank sein, wobei als m\u00e4nnlich codierte Bekleidung wiederum auf ein Spiel mit Geschlechtsidentit\u00e4t verweist, ebenso wie ein vor dem Schrank h\u00e4ngendes Herrenhemd mit Hosentr\u00e4gern.&nbsp;<\/p>\n\n\n\n<p>In den Fotografien k\u00f6nnen auch bereits davor abgelichtete Selbstportr\u00e4ts auftauchen, als eine Art Doppelselbstportr\u00e4t, ein zweites Erfassen des Selbst. Aus dem fr\u00fcher entstandenen Bild wird direkt zur\u00fcckgeschaut, fast wie in einem zeitversetzten Blick in den Spiegel. Dadurch werden verschiedene Realit\u00e4ten vermischt, wie in einem Foto aus dem Jahr 1998, das 2020 wieder ins Bild kommt: Schwaighofer inszenierte sich 1998 in der Wohnung mit aufgeklebtem Bart, Brille mit schwarzer Fassung, schwarzem Hemd, ockerfarbener Krawatte und Strohhut. 2020 greift eine von links ins Bild kommende fragmentierte Hand in wei\u00dfem Baumwollhandschuh f\u00fcr ein sauberes Handling auf diese Fotografie \u2013 ein Zur\u00fcckgreifen auf Fr\u00fcheres?&nbsp;<\/p>\n\n\n\n<p>Auch entstanden w\u00e4hrend ihrer k\u00fcnstlerischen Laufbahn immer wieder Doppelportr\u00e4ts, in denen Freundschaft und in Beziehung sein dargestellt sind, wie in \u201etogether\u201c oder \u201edouble portrait \u201a..as..\u2018\u201c. In den Doppelportr\u00e4ts \u201eals\u201c, haben Martina Mina und Sabine Schwaighofer Fotografien von Paaren aus dem Kunstbereich reinterpretiert bzw. reinszeniert.&nbsp;<\/p>\n\n\n\n<p>Schwaighofer hat immer wieder bei Projekten und Ausstellungen der HOSI Wien mitgewirkt: Beim Buch- und Ausstellungsprojekt \u201eSICHTBAR. 40 Jahre HOSI-Wien-Lesben*gruppe\u201c, bei den Ausstellungen im Rahmen des EL*C in Wien und \u201eOUT AND PROUD\u201c sowie \u201eVISIBILITY\u201c im Pride Village. Mit dabei war sie auch 2023 bei der Publikation und Ausstellung \u201eDie Tage sind heller, wenn man liebt\u201c \u00fcber Ruth Maier (1929 Wien \u2013 1942 Auschwitz). Ruth Maier schrieb zwischen 1933 und 1942 Tageb\u00fccher, die sich heute im Zentrum f\u00fcr Holocaust- und Minderheitenstudien in Oslo befinden und 2007 ver\u00f6ffentlicht wurden. Maier hat auch sie Umgebendes zeichnerisch und malerisch festgehalten bzw. hat sie auch in ihr Tagebuch gemalt und gezeichnet. Auch Schwaighofer hat fr\u00fcher gemalt und gezeichnet, fand aber in der Fotografie die passendste und auch schnellste Ausdrucksform f\u00fcr ihre \u201eHOMO Diaries\u201c.<\/p>\n","protected":false},"excerpt":{"rendered":"<p>QWIEN \u2013 Zentrum f\u00fcr queere Geschichte (Ramperstorfferg. 39, 1050 Wien) zeigt unter dem Titel \u201eHOMO Diaries. self-portrait &amp; other stories\u201c zwischen 18. Juni und 28. September Fotografien von Sabine Schwaighofer. Die Vernissage findet am 17. Juni um 18:30 statt. Im Plakat versteckt sich im letzten O von HOMO ein kleines e und kann somit auch [&hellip;]<\/p>\n","protected":false},"author":36,"featured_media":9437,"comment_status":"closed","ping_status":"closed","sticky":false,"template":"","format":"standard","meta":{"footnotes":""},"categories":[23],"tags":[117],"class_list":["post-9436","post","type-post","status-publish","format-standard","has-post-thumbnail","hentry","category-kultur","tag-lambda-199"],"_links":{"self":[{"href":"https:\/\/lambdanachrichten.at\/index.php?rest_route=\/wp\/v2\/posts\/9436","targetHints":{"allow":["GET"]}}],"collection":[{"href":"https:\/\/lambdanachrichten.at\/index.php?rest_route=\/wp\/v2\/posts"}],"about":[{"href":"https:\/\/lambdanachrichten.at\/index.php?rest_route=\/wp\/v2\/types\/post"}],"author":[{"embeddable":true,"href":"https:\/\/lambdanachrichten.at\/index.php?rest_route=\/wp\/v2\/users\/36"}],"replies":[{"embeddable":true,"href":"https:\/\/lambdanachrichten.at\/index.php?rest_route=%2Fwp%2Fv2%2Fcomments&post=9436"}],"version-history":[{"count":1,"href":"https:\/\/lambdanachrichten.at\/index.php?rest_route=\/wp\/v2\/posts\/9436\/revisions"}],"predecessor-version":[{"id":9438,"href":"https:\/\/lambdanachrichten.at\/index.php?rest_route=\/wp\/v2\/posts\/9436\/revisions\/9438"}],"wp:featuredmedia":[{"embeddable":true,"href":"https:\/\/lambdanachrichten.at\/index.php?rest_route=\/wp\/v2\/media\/9437"}],"wp:attachment":[{"href":"https:\/\/lambdanachrichten.at\/index.php?rest_route=%2Fwp%2Fv2%2Fmedia&parent=9436"}],"wp:term":[{"taxonomy":"category","embeddable":true,"href":"https:\/\/lambdanachrichten.at\/index.php?rest_route=%2Fwp%2Fv2%2Fcategories&post=9436"},{"taxonomy":"post_tag","embeddable":true,"href":"https:\/\/lambdanachrichten.at\/index.php?rest_route=%2Fwp%2Fv2%2Ftags&post=9436"}],"curies":[{"name":"wp","href":"https:\/\/api.w.org\/{rel}","templated":true}]}}