{"id":5162,"date":"2025-03-07T00:23:00","date_gmt":"2025-03-06T23:23:00","guid":{"rendered":"https:\/\/lambdanachrichten.at\/?p=5162"},"modified":"2025-06-04T22:03:29","modified_gmt":"2025-06-04T20:03:29","slug":"hosi-wien-im-winter-3","status":"publish","type":"post","link":"https:\/\/lambdanachrichten.at\/?p=5162","title":{"rendered":"HOSI Wien im Winter"},"content":{"rendered":"\n<h2 class=\"wp-block-heading\">Ein unvollst\u00e4ndiger R\u00fcckblick<\/h2>\n\n\n\n<h3 class=\"wp-block-heading\">20. November<\/h3>\n\n\n\n<p>Transrechte sind Menschenrechte!<\/p>\n\n\n\n<p>Gemeinsam mit vielen anderen Organisationen, trans Geschwistern und Allies haben wir am Transgender Day of Rememberance der Opfer transfeindlicher Gewalt gedacht \u2013 in \u00d6sterreich, aber auch der ganzen Welt. Der \u201eTrans Day of Remembrance\u201c wurde nach dem Mord an der afroamerikanischen trans Frau Rita Hester im Jahr 1998 initiiert, weil dem Kriminalfall damals kaum Medienaufmerksamkeit geschenkt wurde. Er gilt nach wie vor als ungekl\u00e4rt. Um gr\u00f6\u00dfere Sichtbarkeit auf das Problem zu lenken, entschied sich die Aktivistin Gwendolyn Ann Smith, selbst eine trans Frau, das Onlineprojekt \u201eRemembering Our Dead\u201c ins Leben zu rufen, woraus sich sp\u00e4ter der heutige Gedenktag entwickelte. Der Globalisierung des Gedenkens steht allerdings gleichzeitig der erstarkende rechte Kulturkampf gegen\u00fcber. <\/p>\n\n\n\n<p>Transfeindliche Gewalt ist Teil des Patriarchats, ist ein Teil des Rassismus, ist ein Teil des Klassismus, weshalb besonders h\u00e4ufig Menschen Opfer werden, die mehreren marginalisierten Gruppen angeh\u00f6ren. Wir m\u00f6chten ihrer gedenken, und mit allen solidarisch sein, die momentan unter dieser Gewalt leiden. Denn wer nie vergessen wird, kann nie verloren sein.<\/p>\n\n\n\n<h3 class=\"wp-block-heading\">7. Dezember<\/h3>\n\n\n\n<p>Gemeinsam mit unseren Freund*innen der HOSI Linz begingen wir einen Gedenkakt in der KZ Gedenkst\u00e4tte Mauthausen. Vor 40 Jahren, am 9. Dezember 1984, wurde dort der weltweit erste Gedenkstein f\u00fcr die homosexuellen Opfer des Nationalsozialismus enth\u00fcllt. Dieser Gedenkstein konnte nur durch das beharrliche Engagement der Homosexuellen Initiativen \u00d6sterreichs realisiert werden und ist uns damals wie heute ein Mahnmal, den Schutz unserer Rechte niemals auf die leichte Schulter zu nehmen.<\/p>\n\n\n\n<p>Die Worte, die Dr. Reinhardt Brandst\u00e4tter, damaliger Obmann der HOSI Wien, bei der Enth\u00fcllung sprach, k\u00f6nnten aktueller nicht sein: \u201eWachsam zu sein allein gen\u00fcgt nicht. Wir m\u00fcssen aktiv f\u00fcr unsere Rechte eintreten, das Erreichte jeden Tag aufs Neue verteidigen, Diskriminierung be- und uns vorenthaltene Rechte erk\u00e4mpfen. Es muss uns klar werden, dass stille Anpassung an und devote Unterordnung unter die bestehende Gesellschaft kein ausreichender Schutz vor Repression ist, wenn sich die Zeiten \u00e4ndern sollten. Das Recht auf unsere eigene Sexualit\u00e4t ist unser unver\u00e4u\u00dferliches Menschenrecht und keine jederzeit widerrufbare Gnade, die uns die Gesellschaft nach Belieben gew\u00e4hrt und entzieht.\u201c<\/p>\n\n\n\n<h3 class=\"wp-block-heading\">14. Dezember<\/h3>\n\n\n\n<p>Es war Winterfest und das Gugg war voll! Viele Aktivist*innen haben uns durch das vergangene Jahr getragen. Besonders Lisa und Patty haben 2024 viel geleistet und wurden daher mit den HOSI-Awards ausgezeichnet. Und das alles haben wir gefeiert, mit einer Dragshow, Tombola, Keksen und allem, was dazugeh\u00f6rt.<\/p>\n\n\n\n<h3 class=\"wp-block-heading\">25. Dezember<\/h3>\n\n\n\n<p>Bei der \u201eChosen Family Party\u201c \u00f6ffnete das Gugg seine T\u00fcr f\u00fcr alle queere Menschen, die in den Feiertagen einen Safer Space suchten, um sich willkommen zu f\u00fchlen \u2014 unabh\u00e4ngig von vorgegebenen Traditionen\/Religionen, damit die Winterzeit f\u00fcr uns alle eine Zeit der Freude und des Zusammenkommens sein kann.<\/p>\n\n\n<div class=\"wp-block-image\">\n<figure class=\"aligncenter size-full is-resized\"><img loading=\"lazy\" decoding=\"async\" width=\"819\" height=\"1024\" src=\"https:\/\/lambdanachrichten.at\/wp-content\/uploads\/2025\/03\/473596360_18151816231352698_6779062596222200741_n.jpg\" alt=\"\" class=\"wp-image-5164\" style=\"width:auto;height:600px\" srcset=\"https:\/\/lambdanachrichten.at\/wp-content\/uploads\/2025\/03\/473596360_18151816231352698_6779062596222200741_n.jpg 819w, https:\/\/lambdanachrichten.at\/wp-content\/uploads\/2025\/03\/473596360_18151816231352698_6779062596222200741_n-240x300.jpg 240w, https:\/\/lambdanachrichten.at\/wp-content\/uploads\/2025\/03\/473596360_18151816231352698_6779062596222200741_n-120x150.jpg 120w, https:\/\/lambdanachrichten.at\/wp-content\/uploads\/2025\/03\/473596360_18151816231352698_6779062596222200741_n-768x960.jpg 768w\" sizes=\"auto, (max-width: 819px) 100vw, 819px\" \/><figcaption class=\"wp-element-caption\">Fetisch Fragerunde im Gugg (Credits: Jakob Koch)<\/figcaption><\/figure>\n<\/div>\n\n\n<h3 class=\"wp-block-heading\">11. Januar<\/h3>\n\n\n\n<p>Bei der Fetisch Fragerunde im Gugg berichteten Markus, Mister Fetish Austria 2024, und Roger, Majestic Puppy Austria 2023 und 2024, \u00fcber ihr Leben und ihre Erfahrungen mit und in Fetisch. Danke f\u00fcr den spannenden Austausch.<\/p>\n\n\n\n<h3 class=\"wp-block-heading\">4. Februar<\/h3>\n\n\n\n<p>Es mag verwirren \u2013 wieso fand die \u201ewieder Donnerstag\u201c-Demo an einem Dienstag statt? Weil genau vor 25 Jahren die erste Donnerstagsdemo gegen die Blau-Schwarze Regierung 2000 stattfand. Auch an dieser Jubil\u00e4umsdemo nahmen wir im Queeren Block mit teil. Denn nur gemeinsam k\u00f6nnen wir unsere Menschenrechte verteidigen.<\/p>\n\n\n\n<h3 class=\"wp-block-heading\">25. Februar<\/h3>\n\n\n\n<p>Was tut die HOSI Wien und wie kann ich mich engagieren? Diese Fragen beantworteten zahlreiche Aktivist*innen der HOSI in einem weiteren Kennenlern-Abend im Gugg. Zahlreiche Interessierte informierten sich \u00fcber m\u00f6gliche Mitarbeit bei der Vienna Pride, der QYVIE Jugendgruppe, bis hin auch zur Lambda.<\/p>\n\n\n\n<h3 class=\"wp-block-heading\">QYVIE<\/h3>\n\n\n\n<p>Unsere Jugendgruppe organisierte wieder viele Events im Donnerstag Jugendabend. So gab es wieder einen Improtheater Workshop, ein Friends-Speed-Dating, zwei Quiz-Abende, einen Mario-Kart-Abend und einen Werwolf-Abend. Besonders hervorzuheben sind aber die unterst\u00fctzenden Events. So gab es Ende November wieder in Kollaboration mit der Aids Hilfe Wien die M\u00f6glichkeit, sich zu sexueller Gesundheit zu informieren und STI Testungen durchzuf\u00fchren.<\/p>\n\n\n\n<h4 class=\"wp-block-heading\">Und hier ein Vorblick<\/h4>\n\n\n\n<p>Am 3. April wird Thomas Niederkrotenthaler von der Universit\u00e4t Wien ein Projekt vorstellen, in dem das Erfahrungswissen von Eltern, die ihre Kinder im Coming-out unterst\u00fctzt haben, genutzt werden soll, um andere Eltern zu helfen, ihre eigenen Kinder gut zu unterst\u00fctzen \u2013 denn hier gibt es nach wie vor gro\u00dfen Aufholbedarf. Besonders spannend: F\u00fcr das Projekt werden noch Jugendliche gesucht, die im Rahmen eines Jugendbeirates ihre Perspektive einbringen m\u00f6chten.<\/p>\n\n\n\n<h3 class=\"wp-block-heading\">Weitere Events im Gugg<\/h3>\n\n\n\n<p>Am 9. Dezember fand die 2. Staffel des Salon Blau seinen Abschluss. Auch am offenen Dienstag war wieder viel los im Gugg: Werwolf-Abende am 3. Dezember und 28. Januar, ein Spieleabend am 14. Januar und am 11. Februar ein Pub Quiz, bei dem das Gugg fast aus seinen N\u00e4hten platzte.<\/p>\n\n\n\n<h3 class=\"wp-block-heading\">Queer Sports Collective<\/h3>\n\n\n\n<p>Unsere sportbegeisterten Freunde lie\u00dfen sich auch vom Winter nicht abhalten: Ina und Michi luden Dezember bis Februar zu Eislaufen, Running und Wanderungen auf den Hermannskogel und den Stadtwanderweg 3 ein. Yoga-Freunde kamen regelm\u00e4\u00dfig Sonntags mit Florian und Mat\u00edas auf ihre Kosten.<\/p>\n","protected":false},"excerpt":{"rendered":"<p>Ein unvollst\u00e4ndiger R\u00fcckblick 20. November Transrechte sind Menschenrechte! Gemeinsam mit vielen anderen Organisationen, trans Geschwistern und Allies haben wir am Transgender Day of Rememberance der Opfer transfeindlicher Gewalt gedacht \u2013 in \u00d6sterreich, aber auch der ganzen Welt. Der \u201eTrans Day of Remembrance\u201c wurde nach dem Mord an der afroamerikanischen trans Frau Rita Hester im Jahr [&hellip;]<\/p>\n","protected":false},"author":64,"featured_media":5163,"comment_status":"closed","ping_status":"closed","sticky":false,"template":"","format":"standard","meta":{"footnotes":""},"categories":[16],"tags":[115],"class_list":["post-5162","post","type-post","status-publish","format-standard","has-post-thumbnail","hentry","category-community-politik","tag-lambda-198"],"_links":{"self":[{"href":"https:\/\/lambdanachrichten.at\/index.php?rest_route=\/wp\/v2\/posts\/5162","targetHints":{"allow":["GET"]}}],"collection":[{"href":"https:\/\/lambdanachrichten.at\/index.php?rest_route=\/wp\/v2\/posts"}],"about":[{"href":"https:\/\/lambdanachrichten.at\/index.php?rest_route=\/wp\/v2\/types\/post"}],"author":[{"embeddable":true,"href":"https:\/\/lambdanachrichten.at\/index.php?rest_route=\/wp\/v2\/users\/64"}],"replies":[{"embeddable":true,"href":"https:\/\/lambdanachrichten.at\/index.php?rest_route=%2Fwp%2Fv2%2Fcomments&post=5162"}],"version-history":[{"count":1,"href":"https:\/\/lambdanachrichten.at\/index.php?rest_route=\/wp\/v2\/posts\/5162\/revisions"}],"predecessor-version":[{"id":5165,"href":"https:\/\/lambdanachrichten.at\/index.php?rest_route=\/wp\/v2\/posts\/5162\/revisions\/5165"}],"wp:featuredmedia":[{"embeddable":true,"href":"https:\/\/lambdanachrichten.at\/index.php?rest_route=\/wp\/v2\/media\/5163"}],"wp:attachment":[{"href":"https:\/\/lambdanachrichten.at\/index.php?rest_route=%2Fwp%2Fv2%2Fmedia&parent=5162"}],"wp:term":[{"taxonomy":"category","embeddable":true,"href":"https:\/\/lambdanachrichten.at\/index.php?rest_route=%2Fwp%2Fv2%2Fcategories&post=5162"},{"taxonomy":"post_tag","embeddable":true,"href":"https:\/\/lambdanachrichten.at\/index.php?rest_route=%2Fwp%2Fv2%2Ftags&post=5162"}],"curies":[{"name":"wp","href":"https:\/\/api.w.org\/{rel}","templated":true}]}}