{"id":5117,"date":"2025-03-07T00:11:00","date_gmt":"2025-03-06T23:11:00","guid":{"rendered":"https:\/\/lambdanachrichten.at\/?p=5117"},"modified":"2025-03-06T23:14:06","modified_gmt":"2025-03-06T22:14:06","slug":"discrimilabled-fabrizio","status":"publish","type":"post","link":"https:\/\/lambdanachrichten.at\/?p=5117","title":{"rendered":"\u201ediscrimilabled\u201c &#8211; Fabrizio"},"content":{"rendered":"\n<p>\u201eIch w\u00fcrde mich als bisexuell und am asexuellen bzw. aromantischen Spektrum verorten. Au\u00dferdem bin ich Autist und habe eine ADHS-Diagnose.\u201c<\/p>\n\n\n<div class=\"wp-block-image\">\n<figure class=\"aligncenter size-full is-resized\"><img loading=\"lazy\" decoding=\"async\" width=\"683\" height=\"1024\" src=\"https:\/\/lambdanachrichten.at\/wp-content\/uploads\/2025\/03\/IMG_6210.jpg\" alt=\"\" class=\"wp-image-5122\" style=\"width:auto;height:600px\" srcset=\"https:\/\/lambdanachrichten.at\/wp-content\/uploads\/2025\/03\/IMG_6210.jpg 683w, https:\/\/lambdanachrichten.at\/wp-content\/uploads\/2025\/03\/IMG_6210-200x300.jpg 200w, https:\/\/lambdanachrichten.at\/wp-content\/uploads\/2025\/03\/IMG_6210-100x150.jpg 100w\" sizes=\"auto, (max-width: 683px) 100vw, 683px\" \/><figcaption class=\"wp-element-caption\">(Credits: Mo Blau)<\/figcaption><\/figure>\n<\/div>\n\n\n<p>\u201eDie Community im Gugg, da erlebe ich viel Verst\u00e4ndnis f\u00fcr meine Behinderung. In anderen Teilen der Community w\u00fcrde ich mir genau das, also mehr Community, und weniger Datingfokus w\u00fcnschen. Leute, die schon Ablehnung wegen ihrer Queerness erlebt haben, k\u00f6nnen grunds\u00e4tzlich aber besser verstehen, wie es mir wohl wegen meiner Neurodivergenz geht. Ich umgebe mich deshalb fast nur noch mit queeren Menschen.\u201c<\/p>\n\n\n<div class=\"wp-block-image\">\n<figure class=\"aligncenter size-full is-resized\"><img loading=\"lazy\" decoding=\"async\" width=\"683\" height=\"1024\" src=\"https:\/\/lambdanachrichten.at\/wp-content\/uploads\/2025\/03\/IMG_6259.jpg\" alt=\"\" class=\"wp-image-5123\" style=\"width:auto;height:600px\" srcset=\"https:\/\/lambdanachrichten.at\/wp-content\/uploads\/2025\/03\/IMG_6259.jpg 683w, https:\/\/lambdanachrichten.at\/wp-content\/uploads\/2025\/03\/IMG_6259-200x300.jpg 200w, https:\/\/lambdanachrichten.at\/wp-content\/uploads\/2025\/03\/IMG_6259-100x150.jpg 100w\" sizes=\"auto, (max-width: 683px) 100vw, 683px\" \/><figcaption class=\"wp-element-caption\">(Credits: Mo Blau)<\/figcaption><\/figure>\n<\/div>\n\n\n<p>\u201eAls damals noch undiagnostizierter high-funktioning Autist, ist es mir schon im Zivildienst in der Betreuung von k\u00f6rperlich oder geistig stark behinderten Menschen \u00fcbel aufgesto\u00dfen, dass sie meiner Meinung nach nicht mit gen\u00fcgend Respekt behandelt wurden. Behindert und weniger wert sein, sehen viele als miteinander verbunden. Behinderung entsteht oft jedoch dadurch, dass das Umfeld als Rahmenbedingung einen behindert. Unterschiedliche Neurotypen bringen z.B. unterschiedliche F\u00e4higkeiten mit.\u201c<\/p>\n\n\n<div class=\"wp-block-image\">\n<figure class=\"aligncenter size-full is-resized\"><img loading=\"lazy\" decoding=\"async\" width=\"683\" height=\"1024\" src=\"https:\/\/lambdanachrichten.at\/wp-content\/uploads\/2025\/03\/IMG_6185.jpg\" alt=\"\" class=\"wp-image-5121\" style=\"width:auto;height:600px\" srcset=\"https:\/\/lambdanachrichten.at\/wp-content\/uploads\/2025\/03\/IMG_6185.jpg 683w, https:\/\/lambdanachrichten.at\/wp-content\/uploads\/2025\/03\/IMG_6185-200x300.jpg 200w, https:\/\/lambdanachrichten.at\/wp-content\/uploads\/2025\/03\/IMG_6185-100x150.jpg 100w\" sizes=\"auto, (max-width: 683px) 100vw, 683px\" \/><figcaption class=\"wp-element-caption\">(Credits: Mo Blau)<\/figcaption><\/figure>\n<\/div>\n\n\n<p>\u201eEs kann manchmal f\u00fcr einen selbst psychisch sehr schwer sein, wenn man merkt, wie einen die Behinderung einschr\u00e4nkt. Ich hatte viele Vorurteile internalisiert, wodurch ich erst sp\u00e4t W\u00f6rter f\u00fcr meine Identit\u00e4t gefunden habe. Jetzt ist das f\u00fcr mich einfach Normalit\u00e4t. Durch Begriffe kann ich schnell Bed\u00fcrfnisse kommunizieren. Da hat mir meine Queerness geholfen mich mit mir selbst auseinander zu setzen.\u201c<\/p>\n\n\n<div class=\"wp-block-image\">\n<figure class=\"aligncenter size-full is-resized\"><img loading=\"lazy\" decoding=\"async\" width=\"683\" height=\"1024\" src=\"https:\/\/lambdanachrichten.at\/wp-content\/uploads\/2025\/03\/IMG_6150.jpg\" alt=\"\" class=\"wp-image-5120\" style=\"width:auto;height:600px\" srcset=\"https:\/\/lambdanachrichten.at\/wp-content\/uploads\/2025\/03\/IMG_6150.jpg 683w, https:\/\/lambdanachrichten.at\/wp-content\/uploads\/2025\/03\/IMG_6150-200x300.jpg 200w, https:\/\/lambdanachrichten.at\/wp-content\/uploads\/2025\/03\/IMG_6150-100x150.jpg 100w\" sizes=\"auto, (max-width: 683px) 100vw, 683px\" \/><figcaption class=\"wp-element-caption\">(Credits: Mo Blau)<\/figcaption><\/figure>\n<\/div>\n\n\n<p>\u201eSelbst wenn Leute sich ohne Diagnose als behindert bezeichnen, nehmen sie niemandem Unterst\u00fctzung weg. Der Staat entscheidet eh, ob man eine Behinderung hat, die f\u00f6rderungsw\u00fcrdig, weil stark genug, ist. Ansonsten hei\u00dft es oft \u201afriss, oder stirb\u2018. Deshalb ist Selbsthilfe und Gemeinschaft sehr wichtig. Eine Therapie ersetzt keinen Freundeskreis und umgekehrt.\u201c<\/p>\n\n\n<div class=\"wp-block-image\">\n<figure class=\"aligncenter size-full is-resized\"><img loading=\"lazy\" decoding=\"async\" width=\"683\" height=\"1024\" src=\"https:\/\/lambdanachrichten.at\/wp-content\/uploads\/2025\/03\/IMG_6099.jpg\" alt=\"\" class=\"wp-image-5119\" style=\"width:auto;height:600px\" srcset=\"https:\/\/lambdanachrichten.at\/wp-content\/uploads\/2025\/03\/IMG_6099.jpg 683w, https:\/\/lambdanachrichten.at\/wp-content\/uploads\/2025\/03\/IMG_6099-200x300.jpg 200w, https:\/\/lambdanachrichten.at\/wp-content\/uploads\/2025\/03\/IMG_6099-100x150.jpg 100w\" sizes=\"auto, (max-width: 683px) 100vw, 683px\" \/><figcaption class=\"wp-element-caption\">(Credits: Mo Blau)<\/figcaption><\/figure>\n<\/div>\n\n\n<p>\u201eEs ist wichtig sich eine Community zu suchen, die nicht nur daraus besteht kurz oberfl\u00e4chlich zu fragen, wie es einem geht. Ohne Leute, die mir bei meinem Selbstfindungsprozess zur Seite stehen, w\u00fcsste ich nicht, wo ich jetzt stehen w\u00fcrde.\u201c<\/p>\n","protected":false},"excerpt":{"rendered":"<p>\u201eIch w\u00fcrde mich als bisexuell und am asexuellen bzw. aromantischen Spektrum verorten. Au\u00dferdem bin ich Autist und habe eine ADHS-Diagnose.\u201c \u201eDie Community im Gugg, da erlebe ich viel Verst\u00e4ndnis f\u00fcr meine Behinderung. In anderen Teilen der Community w\u00fcrde ich mir genau das, also mehr Community, und weniger Datingfokus w\u00fcnschen. Leute, die schon Ablehnung wegen ihrer [&hellip;]<\/p>\n","protected":false},"author":17,"featured_media":5118,"comment_status":"closed","ping_status":"closed","sticky":false,"template":"","format":"standard","meta":{"footnotes":""},"categories":[20],"tags":[116,115],"class_list":["post-5117","post","type-post","status-publish","format-standard","has-post-thumbnail","hentry","category-schwerpunkt","tag-behinderung","tag-lambda-198"],"_links":{"self":[{"href":"https:\/\/lambdanachrichten.at\/index.php?rest_route=\/wp\/v2\/posts\/5117","targetHints":{"allow":["GET"]}}],"collection":[{"href":"https:\/\/lambdanachrichten.at\/index.php?rest_route=\/wp\/v2\/posts"}],"about":[{"href":"https:\/\/lambdanachrichten.at\/index.php?rest_route=\/wp\/v2\/types\/post"}],"author":[{"embeddable":true,"href":"https:\/\/lambdanachrichten.at\/index.php?rest_route=\/wp\/v2\/users\/17"}],"replies":[{"embeddable":true,"href":"https:\/\/lambdanachrichten.at\/index.php?rest_route=%2Fwp%2Fv2%2Fcomments&post=5117"}],"version-history":[{"count":4,"href":"https:\/\/lambdanachrichten.at\/index.php?rest_route=\/wp\/v2\/posts\/5117\/revisions"}],"predecessor-version":[{"id":5128,"href":"https:\/\/lambdanachrichten.at\/index.php?rest_route=\/wp\/v2\/posts\/5117\/revisions\/5128"}],"wp:featuredmedia":[{"embeddable":true,"href":"https:\/\/lambdanachrichten.at\/index.php?rest_route=\/wp\/v2\/media\/5118"}],"wp:attachment":[{"href":"https:\/\/lambdanachrichten.at\/index.php?rest_route=%2Fwp%2Fv2%2Fmedia&parent=5117"}],"wp:term":[{"taxonomy":"category","embeddable":true,"href":"https:\/\/lambdanachrichten.at\/index.php?rest_route=%2Fwp%2Fv2%2Fcategories&post=5117"},{"taxonomy":"post_tag","embeddable":true,"href":"https:\/\/lambdanachrichten.at\/index.php?rest_route=%2Fwp%2Fv2%2Ftags&post=5117"}],"curies":[{"name":"wp","href":"https:\/\/api.w.org\/{rel}","templated":true}]}}