{"id":5108,"date":"2025-03-07T00:12:00","date_gmt":"2025-03-06T23:12:00","guid":{"rendered":"https:\/\/lambdanachrichten.at\/?p=5108"},"modified":"2025-03-06T23:14:02","modified_gmt":"2025-03-06T22:14:02","slug":"discrimilabled-rebekka","status":"publish","type":"post","link":"https:\/\/lambdanachrichten.at\/?p=5108","title":{"rendered":"\u201ediscrimilabled\u201c &#8211; Rebekka"},"content":{"rendered":"\n<p>\u201eIch w\u00fcrde sagen, ich stehe 95% auf Frauen und 5% auf M\u00e4nner und habe die Glasknochenkrankheit. Als ich in die Queercommunity eingetreten bin, hatte ich \u00fcberraschenderweise mit viel mehr Vorurteilen wegen meiner Behinderung zu k\u00e4mpfen als in der Heterocommunity. Mit Frauen waren da die Ber\u00fchrungs\u00e4ngste g\u00f6\u00dfer, keine Ahnung warum.\u201c<\/p>\n\n\n<div class=\"wp-block-image\">\n<figure class=\"aligncenter size-full is-resized\"><img loading=\"lazy\" decoding=\"async\" width=\"683\" height=\"1024\" src=\"https:\/\/lambdanachrichten.at\/wp-content\/uploads\/2025\/03\/IMG_5501.jpg\" alt=\"\" class=\"wp-image-5113\" style=\"width:auto;height:600px\" srcset=\"https:\/\/lambdanachrichten.at\/wp-content\/uploads\/2025\/03\/IMG_5501.jpg 683w, https:\/\/lambdanachrichten.at\/wp-content\/uploads\/2025\/03\/IMG_5501-200x300.jpg 200w, https:\/\/lambdanachrichten.at\/wp-content\/uploads\/2025\/03\/IMG_5501-100x150.jpg 100w\" sizes=\"auto, (max-width: 683px) 100vw, 683px\" \/><figcaption class=\"wp-element-caption\">(Credits: Mo Blau)<\/figcaption><\/figure>\n<\/div>\n\n\n<p>\u201eSeit Kurzem bin ich sogar verlobt, und was Familienplanung angeht haben wir schon Zukunftspl\u00e4ne. Trotzdem ist es gerade f\u00fcr uns wichtig sich vorher zu informieren, welche Herausforderungen als queeres Paar und mit meiner Behinderung auf uns zukommen. Man hat da schon eine Verantwortung. Ich bin gerade super gl\u00fccklich.\u201c<\/p>\n\n\n\n<p>\u201eIch mache viel Arbeit auf Social Media, weil es mir wichtig ist Sichtbarkeit zu schaffen. In der queeren Community merke ich immer wieder, wir sind eine Randgruppe in der Randgruppe. Man st\u00f6\u00dft auf einige H\u00fcrden mit einem Rolli. Ganz viele andere Menschen aus der Behindertencommunity k\u00f6nnen ihre Stimme n\u00e4mlich nicht erheben, also mache ich es.\u201c<\/p>\n\n\n<div class=\"wp-block-image\">\n<figure class=\"aligncenter size-full is-resized\"><img loading=\"lazy\" decoding=\"async\" width=\"683\" height=\"1024\" src=\"https:\/\/lambdanachrichten.at\/wp-content\/uploads\/2025\/03\/IMG_5462.jpg\" alt=\"\" class=\"wp-image-5110\" style=\"width:auto;height:600px\" srcset=\"https:\/\/lambdanachrichten.at\/wp-content\/uploads\/2025\/03\/IMG_5462.jpg 683w, https:\/\/lambdanachrichten.at\/wp-content\/uploads\/2025\/03\/IMG_5462-200x300.jpg 200w, https:\/\/lambdanachrichten.at\/wp-content\/uploads\/2025\/03\/IMG_5462-100x150.jpg 100w\" sizes=\"auto, (max-width: 683px) 100vw, 683px\" \/><figcaption class=\"wp-element-caption\">(Credits: Mo Blau)<\/figcaption><\/figure>\n<\/div>\n\n\n<p>\u201eAuf Frauen zu stehen, war f\u00fcr mich das Normalste der Welt, aber da ich schon wegen meiner offensichtlichen Behinderung gemobbt wurde, habe ich mir zwei Mal \u00fcberlegt, ob ich das mit Leuten auch noch teilen soll. Da habe ich angefangen mich selbst zu verleugnen \u2026 w\u00fcrde ich nicht empfehlen.\u201c<\/p>\n\n\n<div class=\"wp-block-image\">\n<figure class=\"aligncenter size-full is-resized\"><img loading=\"lazy\" decoding=\"async\" width=\"683\" height=\"1024\" src=\"https:\/\/lambdanachrichten.at\/wp-content\/uploads\/2025\/03\/IMG_5477.jpg\" alt=\"\" class=\"wp-image-5111\" style=\"width:auto;height:600px\" srcset=\"https:\/\/lambdanachrichten.at\/wp-content\/uploads\/2025\/03\/IMG_5477.jpg 683w, https:\/\/lambdanachrichten.at\/wp-content\/uploads\/2025\/03\/IMG_5477-200x300.jpg 200w, https:\/\/lambdanachrichten.at\/wp-content\/uploads\/2025\/03\/IMG_5477-100x150.jpg 100w\" sizes=\"auto, (max-width: 683px) 100vw, 683px\" \/><figcaption class=\"wp-element-caption\">(Credits: Mo Blau)<\/figcaption><\/figure>\n<\/div>\n\n\n<p>\u201eIch habe schon private Nachrichten von Fremden bekommen, die meinten meine Eltern seien ja doppelt gestraft mit mir. Oder ich w\u00fcrde nur Beziehungen mit Frauen suchen, weil M\u00e4nner mit meiner Behinderung nicht umgehen k\u00f6nnten.\u201c<\/p>\n\n\n\n<p>\u201eLeute denken man suche eine Pflegeperson statt einer Partner*in. Da w\u00e4re ich auf einer Datingplattform wohl falsch, meinen Assistenten habe ich ja schon.\u201c<\/p>\n\n\n<div class=\"wp-block-image\">\n<figure class=\"aligncenter size-full is-resized\"><img loading=\"lazy\" decoding=\"async\" width=\"683\" height=\"1024\" src=\"https:\/\/lambdanachrichten.at\/wp-content\/uploads\/2025\/03\/IMG_5488.jpg\" alt=\"\" class=\"wp-image-5112\" style=\"width:auto;height:600px\" srcset=\"https:\/\/lambdanachrichten.at\/wp-content\/uploads\/2025\/03\/IMG_5488.jpg 683w, https:\/\/lambdanachrichten.at\/wp-content\/uploads\/2025\/03\/IMG_5488-200x300.jpg 200w, https:\/\/lambdanachrichten.at\/wp-content\/uploads\/2025\/03\/IMG_5488-100x150.jpg 100w\" sizes=\"auto, (max-width: 683px) 100vw, 683px\" \/><figcaption class=\"wp-element-caption\">(Credits: Mo Blau)<\/figcaption><\/figure>\n<\/div>\n\n\n<p>\u201eIch bin nicht krank, ich bin behindert. Das ist nicht dasselbe \u2026 Manchmal ist es sogar einfacher eine sichtbare Behinderung zu haben, weil die Leute deine Behinderung nicht in Frage stellen. Wir sind keine kleine Gruppe, werden aber behandelt wie Menschen zweiter Klasse.Dabei kann jede oder jeder im Laufe des Lebens behindert werden.\u201c<\/p>\n","protected":false},"excerpt":{"rendered":"<p>\u201eIch w\u00fcrde sagen, ich stehe 95% auf Frauen und 5% auf M\u00e4nner und habe die Glasknochenkrankheit. Als ich in die Queercommunity eingetreten bin, hatte ich \u00fcberraschenderweise mit viel mehr Vorurteilen wegen meiner Behinderung zu k\u00e4mpfen als in der Heterocommunity. Mit Frauen waren da die Ber\u00fchrungs\u00e4ngste g\u00f6\u00dfer, keine Ahnung warum.\u201c \u201eSeit Kurzem bin ich sogar verlobt, [&hellip;]<\/p>\n","protected":false},"author":17,"featured_media":5109,"comment_status":"closed","ping_status":"closed","sticky":false,"template":"","format":"standard","meta":{"footnotes":""},"categories":[20],"tags":[116,115],"class_list":["post-5108","post","type-post","status-publish","format-standard","has-post-thumbnail","hentry","category-schwerpunkt","tag-behinderung","tag-lambda-198"],"_links":{"self":[{"href":"https:\/\/lambdanachrichten.at\/index.php?rest_route=\/wp\/v2\/posts\/5108","targetHints":{"allow":["GET"]}}],"collection":[{"href":"https:\/\/lambdanachrichten.at\/index.php?rest_route=\/wp\/v2\/posts"}],"about":[{"href":"https:\/\/lambdanachrichten.at\/index.php?rest_route=\/wp\/v2\/types\/post"}],"author":[{"embeddable":true,"href":"https:\/\/lambdanachrichten.at\/index.php?rest_route=\/wp\/v2\/users\/17"}],"replies":[{"embeddable":true,"href":"https:\/\/lambdanachrichten.at\/index.php?rest_route=%2Fwp%2Fv2%2Fcomments&post=5108"}],"version-history":[{"count":3,"href":"https:\/\/lambdanachrichten.at\/index.php?rest_route=\/wp\/v2\/posts\/5108\/revisions"}],"predecessor-version":[{"id":5116,"href":"https:\/\/lambdanachrichten.at\/index.php?rest_route=\/wp\/v2\/posts\/5108\/revisions\/5116"}],"wp:featuredmedia":[{"embeddable":true,"href":"https:\/\/lambdanachrichten.at\/index.php?rest_route=\/wp\/v2\/media\/5109"}],"wp:attachment":[{"href":"https:\/\/lambdanachrichten.at\/index.php?rest_route=%2Fwp%2Fv2%2Fmedia&parent=5108"}],"wp:term":[{"taxonomy":"category","embeddable":true,"href":"https:\/\/lambdanachrichten.at\/index.php?rest_route=%2Fwp%2Fv2%2Fcategories&post=5108"},{"taxonomy":"post_tag","embeddable":true,"href":"https:\/\/lambdanachrichten.at\/index.php?rest_route=%2Fwp%2Fv2%2Ftags&post=5108"}],"curies":[{"name":"wp","href":"https:\/\/api.w.org\/{rel}","templated":true}]}}