{"id":5093,"date":"2025-03-07T00:14:00","date_gmt":"2025-03-06T23:14:00","guid":{"rendered":"https:\/\/lambdanachrichten.at\/?p=5093"},"modified":"2025-03-06T23:13:54","modified_gmt":"2025-03-06T22:13:54","slug":"portraitreihe-discrimilabled","status":"publish","type":"post","link":"https:\/\/lambdanachrichten.at\/?p=5093","title":{"rendered":"Portraitreihe \u201ediscrimilabled\u201c"},"content":{"rendered":"\n<p class=\"has-drop-cap\">Durch mediale Repr\u00e4sentation werden Debatten angesto\u00dfen. <\/p>\n\n\n\n<p>Ein prominentes Beispiel daf\u00fcr, ist die Besetzung der queeren Schauspielerin Marissa Bode als Nessarose Thropp im gr\u00f6\u00dften Film des letzten Jahres, Wicked. W\u00e4hrend der Charakter in der Broadway Musicaladaption bisher ausschlie\u00dflich von Darstellerinnen ohne Gehbehinderung gespielt werden durfte, besetzte man f\u00fcr den Film nun die Rollstuhlnutzerin Bode. Grund der Aufregung war unter anderem, dass sie nicht wie behindertenfeindlich im Musical eingeschrieben, im zweiten Akt von ihrer Behinderung geheilt werden kann, da sie als Schauspielerin wirklich auf einen Rollstuhl angewiesen ist. Erst durch die mediale Auseinandersetzung damit, wie unangebracht es eigentlich ist Behinderung immer als etwas zu sehen, das behoben werden muss, hat sich die Debatte um ihre Besetzung gedreht. Zumal wir noch nicht wissen, wie mit dieser Thematik im zweiten Teil umgegangen werden wird. Ein weiterer Knackpunkt war f\u00fcr Viele die Unbeliebtheit des fiktiven Charakters, was sich in behindertenfeindlichen Social-Media-Beitr\u00e4gen und Hasskommentaren \u00e4u\u00dferte. Daraufhin sah sich Marissa Bode gezwungen klarzustellen: \u201eDen fiktiven Charakter nicht zu m\u00f6gen ist legitim. Sich deshalb \u00fcber meine Behinderung als reale Person lustig zu machen, ist \u00fcbergriffig. Ich kann die Rolle ablegen, meine Behinderung jedoch nicht.\u201c <\/p>\n\n\n\n<p>Da hinterl\u00e4sst es einen bitters\u00fc\u00dfen Beigeschmack wie nebens\u00e4chlich ihre Liebesbeziehung zu einer anderen Frau behandelt wurde. Denn f\u00fcr viele ihrer neuen Fans stand ihre besondere Rolle als Vorbild mit Behinderung im Vordergrund. Dass sie sich als queer bezeichnet, wurde fast schon unter den Tisch gekehrt. <\/p>\n\n\n\n<p>Die ProtagonistInnen unserer Interviewreihe f\u00fcr die Ausgabe, vereinen hingegen genauso ihr Queersein, ihr Behindertsein, in einer Person. Nun gut, in diesem Fall genau genommen in drei Personen: Karl, Rebekka und Fabrizio, aber seht selbst!<\/p>\n","protected":false},"excerpt":{"rendered":"<p>Durch mediale Repr\u00e4sentation werden Debatten angesto\u00dfen. Ein prominentes Beispiel daf\u00fcr, ist die Besetzung der queeren Schauspielerin Marissa Bode als Nessarose Thropp im gr\u00f6\u00dften Film des letzten Jahres, Wicked. W\u00e4hrend der Charakter in der Broadway Musicaladaption bisher ausschlie\u00dflich von Darstellerinnen ohne Gehbehinderung gespielt werden durfte, besetzte man f\u00fcr den Film nun die Rollstuhlnutzerin Bode. Grund der [&hellip;]<\/p>\n","protected":false},"author":17,"featured_media":5094,"comment_status":"closed","ping_status":"closed","sticky":false,"template":"","format":"standard","meta":{"footnotes":""},"categories":[20],"tags":[116,115],"class_list":["post-5093","post","type-post","status-publish","format-standard","has-post-thumbnail","hentry","category-schwerpunkt","tag-behinderung","tag-lambda-198"],"_links":{"self":[{"href":"https:\/\/lambdanachrichten.at\/index.php?rest_route=\/wp\/v2\/posts\/5093","targetHints":{"allow":["GET"]}}],"collection":[{"href":"https:\/\/lambdanachrichten.at\/index.php?rest_route=\/wp\/v2\/posts"}],"about":[{"href":"https:\/\/lambdanachrichten.at\/index.php?rest_route=\/wp\/v2\/types\/post"}],"author":[{"embeddable":true,"href":"https:\/\/lambdanachrichten.at\/index.php?rest_route=\/wp\/v2\/users\/17"}],"replies":[{"embeddable":true,"href":"https:\/\/lambdanachrichten.at\/index.php?rest_route=%2Fwp%2Fv2%2Fcomments&post=5093"}],"version-history":[{"count":1,"href":"https:\/\/lambdanachrichten.at\/index.php?rest_route=\/wp\/v2\/posts\/5093\/revisions"}],"predecessor-version":[{"id":5095,"href":"https:\/\/lambdanachrichten.at\/index.php?rest_route=\/wp\/v2\/posts\/5093\/revisions\/5095"}],"wp:featuredmedia":[{"embeddable":true,"href":"https:\/\/lambdanachrichten.at\/index.php?rest_route=\/wp\/v2\/media\/5094"}],"wp:attachment":[{"href":"https:\/\/lambdanachrichten.at\/index.php?rest_route=%2Fwp%2Fv2%2Fmedia&parent=5093"}],"wp:term":[{"taxonomy":"category","embeddable":true,"href":"https:\/\/lambdanachrichten.at\/index.php?rest_route=%2Fwp%2Fv2%2Fcategories&post=5093"},{"taxonomy":"post_tag","embeddable":true,"href":"https:\/\/lambdanachrichten.at\/index.php?rest_route=%2Fwp%2Fv2%2Ftags&post=5093"}],"curies":[{"name":"wp","href":"https:\/\/api.w.org\/{rel}","templated":true}]}}