{"id":4990,"date":"2024-12-06T00:11:00","date_gmt":"2024-12-05T23:11:00","guid":{"rendered":"https:\/\/lambdanachrichten.at\/?p=4990"},"modified":"2025-06-04T21:30:09","modified_gmt":"2025-06-04T19:30:09","slug":"bin-ich-trans-genug","status":"publish","type":"post","link":"https:\/\/lambdanachrichten.at\/?p=4990","title":{"rendered":"Bin ich trans* genug?"},"content":{"rendered":"\n<p class=\"has-drop-cap\">Wann gilt man als trans*? Gilt man erst dann als trans*, wenn man jeden Morgen gequ\u00e4lt in den Spiegel blickt und sich w\u00fcnscht, man w\u00e4re in einem anderen K\u00f6rper aufgewacht? Oder ist man vielleicht auch schon trans*, wenn man nicht gerne den dem eigenen Geschlecht zugeordneten Stereotypen nachkommt? Oder ist man einfach dann trans*, wenn man sich selbst so bezeichnet?<\/p>\n\n\n\n<p>Viele trans*-Personen fragen sich, wann die Schwelle \u00fcberschritten ist, ab der sie das \u201eRecht\u201c haben, sich als trans* bezeichnen zu d\u00fcrfen. Muss man daf\u00fcr die eigene Transition schon angefangen haben, oder gar schon darin fortgeschritten sein? Und wie sieht es mit nicht geouteten trans*-Personen aus? Kann man denn wahrlich trans* sein, wenn man es kaum bis niemandem erz\u00e4hlt? Und wie sieht es bei nicht-bin\u00e4ren Geschlechtsidentit\u00e4ten aus?<\/p>\n\n\n\n<p>Ich kann aus eigener Erfahrung sagen, dass ich mich lange davor scheute, mich als trans* zu bezeichnen; schlie\u00dflich wollte ich nie das gegenteilige Geschlecht annehmen. In meiner Jugend f\u00fchlte ich eine, f\u00fcr mich damals unerkl\u00e4rliche, Solidarit\u00e4t mit trans*-Personen, obwohl ich mir sehr sicher war, kein Mann sein zu wollen. Gleichzeitig hatte der Titel der Frau immer einen bitteren Beigeschmack f\u00fcr mich, den ich mir genauso wenig erkl\u00e4ren konnte. Ich fand mich also damit ab einfach ein \u201eTomboy\u201c zu sein; diese tragen schlie\u00dflich gerne maskuline Kleidung und brechen mit gewissen gesellschaftlichen Normen. In meinem Kopf gab es damals nur zwei bin\u00e4re Geschlechter: Mann und Frau. Nicht-bin\u00e4re Identit\u00e4ten lernte ich erst viele Jahre sp\u00e4ter kennen und als ich es tat, ergab alles pl\u00f6tzlich sehr viel mehr Sinn. Ich hatte endlich einen Namen daf\u00fcr, wie ich mich f\u00fchlte, und es gab viele andere, die ebenso dachten und f\u00fchlten. Es war unglaublich befreiend, gleichzeitig kamen aber auch Zweifel in mir auf. Zweifel wie etwa \u201eWas, wenn ich zu viel in meine Gef\u00fchlswelt hineininterpretiere?\u201c, \u201eIst es nicht \u00fcbertrieben, mich als ein anderes Geschlecht zu f\u00fchlen, nur weil ich nicht gerne Frau bin? Hat das alles nicht viel mehr mit der Sozialisation der Frau in unserer Gesellschaft zu tun?\u201c. Lange dachte ich auch, dass ich nicht genug Leidensdruck h\u00e4tte, nicht genug an mir ver\u00e4ndern wollte, um mich als trans* bezeichnen zu d\u00fcrfen. So wie mir ging es aber schon vielen. Internalisierte Transphobie f\u00fchrt nicht selten zu Selbstzweifeln und teils auch Selbsthass. \u201eWarum kann ich nicht einfach \u201enormal\u201c sein? Vielleicht will ich insgeheim nur Aufmerksamkeit. Vielleicht bin ich eigentlich doch cis und nicht trans*, und m\u00f6chte einfach hervorstechen.\u201c<\/p>\n\n\n\n<p>Spoiler alert: Die meisten cisgeschlechtlichen Menschen denken nicht st\u00e4ndig dar\u00fcber nach, mit welcher Geschlechtsidentit\u00e4t sie sich am meisten identifizieren.<\/p>\n\n\n\n<p>Ein anderer Punkt, der manche trans*-Personen zum Zweifeln bringt, ist Geschlechtsdysphorie. Kann man denn trans* sein, wenn man zwar lieber einem anderen Geschlecht angeh\u00f6ren w\u00fcrde, aber auch nicht in t\u00e4glicher Misere lebt in der Geschlechtsrolle, die einem bei der Geburt zugeordnet wurde? Kann man denn wirklich trans* sein, wenn man vor dem inneren Coming-out keine gro\u00dfen Probleme mit dem eigenen K\u00f6rper hatte?<\/p>\n\n\n\n<p>Nicht jede Person, die trans* ist, f\u00fchlt Geschlechtsdysphorie, und diejenigen, die es tun, erleben sie alle unterschiedlich. Oftmals kommt Dysphorie auch erst dann so richtig auf, wenn man sich der potenziellen M\u00f6glichkeiten, wie man die eigene Geschlechtsidentit\u00e4t ausleben k\u00f6nnte, erstmals bewusst geworden ist. Einige berichten , dass sich ihre Dysphorie in Grenzen hielt vor dem Begreifen trans* zu sein; sie kannten schlie\u00dflich nie etwas anderes. Ist es nicht normal, nicht zufrieden mit dem eigenen Spiegelbild zu sein?<\/p>\n\n\n\n<p>Ein viel besserer Indikator f\u00fcr die eigene trans*-Identit\u00e4t ist viel mehr die Euphorie und was sie ausl\u00f6st. Auch viele cis-Personen sind unzufrieden mit ihrem K\u00f6rper, aus den verschiedensten Gr\u00fcnden. Deshalb sagt es mehr aus, wenn wir gewisse Attribute an uns betonen oder ver\u00e4ndern, die Freude in uns ausl\u00f6sen. Ob es nun Kleidung ist, die gesellschaftlich einem bestimmten Geschlecht zugeschrieben wird, endlich einen Binder gefunden zu haben, der richtig passt, oder einen Packer oder BH zu tragen \u2013 das sind die Momente, in denen wir uns ein St\u00fcck mehr wie wir selbst f\u00fchlen, und die diese Zweifel, zumindest bei mir pers\u00f6nlich, verstummen lassen.<\/p>\n\n\n\n<p>Um auf die Frage vom Anfang zur\u00fcckzukommen, wann jemand denn nun \u201etrans* genug sei\u201c, bleibt nur zu sagen, dass die Geschlechtsidentit\u00e4t jeder einzelnen Person eine sehr individuelle Entdeckungsreise darstellt. Dabei geht es nicht darum, irgendeinen Standard zu erf\u00fcllen oder eine trans*-Checkliste abzuarbeiten, damit man alles getan hat, was gesellschaftlich von einer trans*-Person erwartet wird. Man ist sowohl geoutet als auch nicht geoutet trans* und es spielt keine Rolle, wie weit wir in unserer Transition sind. Ebenso schulden trans*-Personen niemandem, sich auf eine gewisse Art und Weise zu kleiden. Nicht-bin\u00e4re Menschen schulden niemandem Androgynie, eine Trans*frau kann ebenso noch in der M\u00e4nnerabteilung einkaufen gehen, wie ein Trans*mann sich noch in Kleidung aus der Frauenabteilung wohlf\u00fchlen oder sich schminken kann. Kleidung kennt kein Geschlecht und ist ausschlie\u00dflich durch gesellschaftliche Normen und Traditionen gepr\u00e4gt, die sich im Laufe der Jahrhunderte stetig ver\u00e4nderten.<\/p>\n\n\n\n<p>Trans*-Personen sind niemandem Rechenschaft schuldig \u00fcber ihre Identit\u00e4t. F\u00fcr sich selbst herausgefunden und entschieden zu haben, dass man trans* ist, ist alles, was es braucht.<\/p>\n","protected":false},"excerpt":{"rendered":"<p>Wann gilt man als trans*? Gilt man erst dann als trans*, wenn man jeden Morgen gequ\u00e4lt in den Spiegel blickt und sich w\u00fcnscht, man w\u00e4re in einem anderen K\u00f6rper aufgewacht? Oder ist man vielleicht auch schon trans*, wenn man nicht gerne den dem eigenen Geschlecht zugeordneten Stereotypen nachkommt? Oder ist man einfach dann trans*, wenn [&hellip;]<\/p>\n","protected":false},"author":62,"featured_media":4991,"comment_status":"closed","ping_status":"closed","sticky":false,"template":"","format":"standard","meta":{"footnotes":""},"categories":[20],"tags":[114,113],"class_list":["post-4990","post","type-post","status-publish","format-standard","has-post-thumbnail","hentry","category-schwerpunkt","tag-bodyshaming","tag-lambda-197"],"_links":{"self":[{"href":"https:\/\/lambdanachrichten.at\/index.php?rest_route=\/wp\/v2\/posts\/4990","targetHints":{"allow":["GET"]}}],"collection":[{"href":"https:\/\/lambdanachrichten.at\/index.php?rest_route=\/wp\/v2\/posts"}],"about":[{"href":"https:\/\/lambdanachrichten.at\/index.php?rest_route=\/wp\/v2\/types\/post"}],"author":[{"embeddable":true,"href":"https:\/\/lambdanachrichten.at\/index.php?rest_route=\/wp\/v2\/users\/62"}],"replies":[{"embeddable":true,"href":"https:\/\/lambdanachrichten.at\/index.php?rest_route=%2Fwp%2Fv2%2Fcomments&post=4990"}],"version-history":[{"count":2,"href":"https:\/\/lambdanachrichten.at\/index.php?rest_route=\/wp\/v2\/posts\/4990\/revisions"}],"predecessor-version":[{"id":9592,"href":"https:\/\/lambdanachrichten.at\/index.php?rest_route=\/wp\/v2\/posts\/4990\/revisions\/9592"}],"wp:featuredmedia":[{"embeddable":true,"href":"https:\/\/lambdanachrichten.at\/index.php?rest_route=\/wp\/v2\/media\/4991"}],"wp:attachment":[{"href":"https:\/\/lambdanachrichten.at\/index.php?rest_route=%2Fwp%2Fv2%2Fmedia&parent=4990"}],"wp:term":[{"taxonomy":"category","embeddable":true,"href":"https:\/\/lambdanachrichten.at\/index.php?rest_route=%2Fwp%2Fv2%2Fcategories&post=4990"},{"taxonomy":"post_tag","embeddable":true,"href":"https:\/\/lambdanachrichten.at\/index.php?rest_route=%2Fwp%2Fv2%2Ftags&post=4990"}],"curies":[{"name":"wp","href":"https:\/\/api.w.org\/{rel}","templated":true}]}}