{"id":4883,"date":"2024-09-06T00:20:47","date_gmt":"2024-09-05T22:20:47","guid":{"rendered":"https:\/\/lambdanachrichten.at\/?p=4883"},"modified":"2025-06-04T22:03:52","modified_gmt":"2025-06-04T20:03:52","slug":"hosi-wien-im-sommer-4","status":"publish","type":"post","link":"https:\/\/lambdanachrichten.at\/?p=4883","title":{"rendered":"HOSI Wien im Sommer"},"content":{"rendered":"\n<h2 class=\"wp-block-heading has-text-align-left\">Ein unvollst\u00e4ndiger R\u00fcckblick<\/h2>\n\n\n\n<h3 class=\"wp-block-heading\">Pride, Pride, Pride<\/h3>\n\n\n\n<h4 class=\"wp-block-heading\">18. Mai<\/h4>\n\n\n\n<p>Mit knapp 20 Aktivist*innen der HOSI Wien haben wir die erste Pride 2024 in \u00d6sterreich besucht. Die Mistelbach Pride fand unter dem Motto #bringingculturestogether statt. Fr\u00fchschoppen mit der Stadtkapelle Mistelbach, Dragkunst, politische Reden und nat\u00fcrlich eine Demonstration durch die Bezirkshauptstadt fanden statt. Denn auch in den kleineren St\u00e4dten ist die Sichtbarkeit der LGBTIQ-Community wichtig.<\/p>\n\n\n\n<h4 class=\"wp-block-heading\">25. Mai<\/h4>\n\n\n\n<p>Schon eine Woche sp\u00e4ter besuchten wir die St. Pride. Bei der dritten Pride in St. P\u00f6lten haben sich die Demonstrant*innen vom Wetter nicht abhalten lassen, laut und bunt durch die Landeshauptstadt zu demonstrieren. Von Obperson Oskar Beneder gab es starke Worte an die Landesregierung Nieder\u00f6sterreichs und Lob f\u00fcr die kostenfreien HIV Tests, die mit Unterst\u00fctzung der Aids Hilfe Wien nun auch in ganz Nieder\u00f6sterreich verf\u00fcgbar sind. Abgerundet wurde die St. Pride durch zahlreiche Dragartists, DJs, und nat\u00fcrlich eine gro\u00dfartige After Party.<\/p>\n\n\n\n<h4 class=\"wp-block-heading\">Am 1. Juni<\/h4>\n\n\n\n<p>feierten wir das \u201eandersrum ist nicht verkehrt in Mariahilf\u201c Stra\u00dfenfest in der Esterhazygasse, wie jedes Jahr mit Infost\u00e4nden der HOSI Wien, der Aids Hilfe Wien und vielen weiteren Vereinen und Organisationen \u00fcber die Wiener LGBTIQ-Community.<\/p>\n\n\n\n<h4 class=\"wp-block-heading\">8. Juni<\/h4>\n\n\n\n<p>Dieses Datum kennen alle: Es war der Tag der 28. Wiener Regenbogenparade, mit 300 000 Besucher*innen, die den ganzen Tag am Ring demonstrierten und feierten. \u201ePride is a Demonstration\u201c. Die Regenbogenparade war der H\u00f6hepunkt der Vienna Pride 2024, die vom 25. Mai bis zum 9. Juni stattfand, und mit viel zu vielen Events aufwartete, um sie hier alle auflisten zu k\u00f6nnen \u2026<\/p>\n\n\n\n<h4 class=\"wp-block-heading\">29. Juni<\/h4>\n\n\n\n<p>Einige unserer Aktivist*innen besuchten die die EuroPride 2024 in Thessaloniki, Griechenland, die nach der Verschiebung 2020 und \u00fcber sieben Jahren Planung endlich stattfinden konnte. Bei einer Menschenrechtskonferenz, zahlreichen Rahmenveranstaltungen und nat\u00fcrlich der gro\u00dfen EuroPride Parade wurde auf die Anliegen der LGBTIQ-Community in Europa aufmerksam gemacht. Nat\u00fcrlich wurde auch die Einf\u00fchrung der gleichgeschlechtlichen Ehe in Griechenland gefeiert.<\/p>\n\n\n\n<h4 class=\"wp-block-heading\">Am 21. Juli<\/h4>\n\n\n\n<p>war das Internationale Komitee der HOSI Wien bei der Bratislava Pride zu Gast. Die Stimmung war k\u00e4mpferisch, bunt und eindrucksvoll. Die slowakische LGBTIQ Community hat gezeigt, dass sie sich trotz Gegenwind aus der Regierung nicht einsch\u00fcchtern l\u00e4sst.<\/p>\n\n\n<div class=\"wp-block-image\">\n<figure class=\"aligncenter size-full\"><img loading=\"lazy\" decoding=\"async\" width=\"756\" height=\"778\" src=\"https:\/\/lambdanachrichten.at\/wp-content\/uploads\/2024\/09\/Bratislava.jpg\" alt=\"\" class=\"wp-image-4885\" srcset=\"https:\/\/lambdanachrichten.at\/wp-content\/uploads\/2024\/09\/Bratislava.jpg 756w, https:\/\/lambdanachrichten.at\/wp-content\/uploads\/2024\/09\/Bratislava-292x300.jpg 292w, https:\/\/lambdanachrichten.at\/wp-content\/uploads\/2024\/09\/Bratislava-146x150.jpg 146w, https:\/\/lambdanachrichten.at\/wp-content\/uploads\/2024\/09\/Bratislava-24x24.jpg 24w, https:\/\/lambdanachrichten.at\/wp-content\/uploads\/2024\/09\/Bratislava-48x48.jpg 48w\" sizes=\"auto, (max-width: 756px) 100vw, 756px\" \/><figcaption class=\"wp-element-caption\">Bratislava Pride\nMichael Stromenger, Tobias Wegerer, Peter Funk, und viele mehr<\/figcaption><\/figure>\n<\/div>\n\n\n<h4 class=\"wp-block-heading\">28. Mai<\/h4>\n\n\n\n<p>Im Juni fand auch die Europawahl statt. Deswegen fand am 28. Mai in unserem Vereinszentrum \u201eDas Gugg\u201c eine Podiumsdiskussion mit Vertreter*innen von \u00d6VP, SP\u00d6, Gr\u00fcnen und NEOS statt, die sich den Fragen von Dragqueen Cherry T Joystick stellten.<\/p>\n\n\n\n<h4 class=\"wp-block-heading\">19. Juni<\/h4>\n\n\n\n<p>Es ist ein St\u00fcck unserer Geschichte: Mit dem Programm \u201eDein ist mein ganzer Schmerz. Die wunderbare musikalische Revue\u201c, aufgef\u00fchrt am 16.12.1995 in der HOSI Wien, widmete sich die Kabarettgruppe \u201eDie Labellas\u201c dem Lesbendasein in seiner ganzen Bandbreite. Helga Pankratz als Conf\u00e9renci\u00e8re geleitete durch s\u00e4mtliche H\u00f6hen und Tiefen: Von sch\u00fcchternen Anbahnungsversuchen, \u00fcbers (ungl\u00fcckliche) Verliebtsein zum Nichtmehrzusammenseinwollen oder Trotzdemzusammenbleiben. Ein Video zeugt von diesem Abend. Die LesBiFem-Gruppe der HOSI lud am 19. Juni zu einem Home Movie Screening dieses glanzvollen Zeitdokuments ein, um \u00fcber das Gesehene ins Sprechen zu kommen, in Anwesenheit der Labellas Annette Schneider, Birgit Liedtke und Doris Hauberger. Die Veranstaltung wurde moderiert von Katharina M\u00fcller und fand im Rahmen des FWF Projekts \u201eVisual History of LGBTIQ* in Austria and Beyond\u201c statt.<\/p>\n\n\n\n<h4 class=\"wp-block-heading\">Am 3. August<\/h4>\n\n\n\n<p>fand der 2. TJAM (Trans Joy Art Market) in unserem Vereinslokal \u201eDas Gugg\u201c statt, eine tolle Gelegenheit, trans Artists zu treffen, Kunst zu kaufen oder sich einfach auszutauschen und gut zu unterhalten!<\/p>\n\n\n\n<h4 class=\"wp-block-heading\">QYVIE im Gugg<\/h4>\n\n\n\n<p>Unser QYVIE Team organisiert regelm\u00e4\u00dfig tolle Events f\u00fcr den donnerst\u00e4glichen Jugendabend im Gugg, nat\u00fcrlich auch in den vergangenen Sommermonaten. Dazu geh\u00f6rt ein monatlicher Improtheater Workshop: Lasst den Impro-Funken \u00fcberspringen bei einem Best-of Improtheater (+\u00dcbungen), ganz ohne Druck oder Verpflichtungen. Oder unser QYVIE Quiz-Abend: Schnappt euch eure Freund*innen und tretet gemeinsam mit ihnen oder auch mit ganz neuen Bekanntschaften gegen andere Teams an. Details zu diesen Events finden sich im HOSI Kalender, auf der Webpage der HOSI Wien.<\/p>\n\n\n\n<h4 class=\"wp-block-heading\">Feiern und Spa\u00df<\/h4>\n\n\n\n<p>Gerade in den Pride Monaten im Sommer haben wir immer viel zu feiern. Und dennoch legen wir gerne noch etwas drauf. So hatten wir am 11. Juni wieder unseren Spieleabend und am 18. Juni einen Werwolfabend im Gugg. Und die legend\u00e4ren Regenbogenbogen gab es auch wieder, am 21. Juni und am 6. Juli.<\/p>\n","protected":false},"excerpt":{"rendered":"<p>Ein unvollst\u00e4ndiger R\u00fcckblick Pride, Pride, Pride 18. Mai Mit knapp 20 Aktivist*innen der HOSI Wien haben wir die erste Pride 2024 in \u00d6sterreich besucht. Die Mistelbach Pride fand unter dem Motto #bringingculturestogether statt. Fr\u00fchschoppen mit der Stadtkapelle Mistelbach, Dragkunst, politische Reden und nat\u00fcrlich eine Demonstration durch die Bezirkshauptstadt fanden statt. Denn auch in den kleineren [&hellip;]<\/p>\n","protected":false},"author":64,"featured_media":4884,"comment_status":"closed","ping_status":"closed","sticky":false,"template":"","format":"standard","meta":{"footnotes":""},"categories":[16],"tags":[110],"class_list":["post-4883","post","type-post","status-publish","format-standard","has-post-thumbnail","hentry","category-community-politik","tag-lambda-196"],"_links":{"self":[{"href":"https:\/\/lambdanachrichten.at\/index.php?rest_route=\/wp\/v2\/posts\/4883","targetHints":{"allow":["GET"]}}],"collection":[{"href":"https:\/\/lambdanachrichten.at\/index.php?rest_route=\/wp\/v2\/posts"}],"about":[{"href":"https:\/\/lambdanachrichten.at\/index.php?rest_route=\/wp\/v2\/types\/post"}],"author":[{"embeddable":true,"href":"https:\/\/lambdanachrichten.at\/index.php?rest_route=\/wp\/v2\/users\/64"}],"replies":[{"embeddable":true,"href":"https:\/\/lambdanachrichten.at\/index.php?rest_route=%2Fwp%2Fv2%2Fcomments&post=4883"}],"version-history":[{"count":1,"href":"https:\/\/lambdanachrichten.at\/index.php?rest_route=\/wp\/v2\/posts\/4883\/revisions"}],"predecessor-version":[{"id":4886,"href":"https:\/\/lambdanachrichten.at\/index.php?rest_route=\/wp\/v2\/posts\/4883\/revisions\/4886"}],"wp:featuredmedia":[{"embeddable":true,"href":"https:\/\/lambdanachrichten.at\/index.php?rest_route=\/wp\/v2\/media\/4884"}],"wp:attachment":[{"href":"https:\/\/lambdanachrichten.at\/index.php?rest_route=%2Fwp%2Fv2%2Fmedia&parent=4883"}],"wp:term":[{"taxonomy":"category","embeddable":true,"href":"https:\/\/lambdanachrichten.at\/index.php?rest_route=%2Fwp%2Fv2%2Fcategories&post=4883"},{"taxonomy":"post_tag","embeddable":true,"href":"https:\/\/lambdanachrichten.at\/index.php?rest_route=%2Fwp%2Fv2%2Ftags&post=4883"}],"curies":[{"name":"wp","href":"https:\/\/api.w.org\/{rel}","templated":true}]}}