{"id":4833,"date":"2024-09-06T00:07:47","date_gmt":"2024-09-05T22:07:47","guid":{"rendered":"https:\/\/lambdanachrichten.at\/?p=4833"},"modified":"2024-09-05T21:36:26","modified_gmt":"2024-09-05T19:36:26","slug":"fokussierte-blicke","status":"publish","type":"post","link":"https:\/\/lambdanachrichten.at\/?p=4833","title":{"rendered":"Fokussierte Blicke"},"content":{"rendered":"\n<p class=\"has-drop-cap\">In einer kleinen, nummerierten und signierten Auflage hat Petra R\u00f6bl ihr Fotobuch \u201estardust to stardust\u201c publiziert. Es ist ein Memorial im Gedenken an ihren Vater Oskar (1938-2024), \u201ecapturing and preserving\u201c, wie R\u00f6bl am Schluss des Buches schreibt. Die Schwarz-Wei\u00df-Fotografien geben pers\u00f6nliche Einblicke auf die Beerdigung bzw. die Vorbereitungen des Begr\u00e4bnisses \u2013 Blicke auf S\u00e4rge, das Totengewand, Kr\u00e4nze samt Schleifen mit letzten Botschaften darauf, Friedhof, Musikkapelle, auf das Hinablassen des Sarges in die Erde, Friedhof mit Kreuzen und Grabsteinen. Ein Foto mit dem Fokus auf die H\u00e4nde einer Frau auf Bl\u00e4ttern und Stift. Zum Schluss noch Detailaufnahmen vom Krankenbett und medizinischem Ger\u00e4t zur Sauerstoffversorgung. Sehr eindrucksvoll hat Petra R\u00f6bl hier sehr Privates festgehalten, zeigt ihren Blick, w\u00e4hlt Details und Momente und f\u00fcgt sie in ihr fotografisches \u0152uvre ein. <\/p>\n\n\n\n<p>Als Street Photographer zeigt sie Motive des \u00f6ffentlichen Raums und h\u00e4lt pr\u00e4gnant Situationen des Alltags fest, erz\u00e4hlt aufgrund des gew\u00e4hlten Ausschnitts Geschichten des Augenblicks. Einerseits liegt der Fokus auf Objekte (Stilleben und Lokalaugenschein, Wegweis- und Hinweisschilder, Texte und Botschaften, Weggeworfenes und \u00fcbrig Gebliebenes, Skurriles bis Surreales), andererseits fotografiert sie Menschen, in Kaffeeh\u00e4usern und \u00f6ffentlichen Verkehrsmitteln, dokumentiert Zusammenk\u00fcnfte, wie Kundgebungen und Demonstrationen, oder auch l\u00e4ndliche Tierversteigerungen, Hundeausstellungen, Boxk\u00e4mpfe, Volksfeste und politische Veranstaltungen. <\/p>\n\n\n\n<p>Sie fotografiert politische Slogans z. B. auf Schildern bei Pride Paraden bis hin zu t\u00e4towierten K\u00f6rperzeichnungen. Sie zeigt positive Selbstbilder, aber auch fundamentalistische Ausdr\u00fccke unserer Zeit, wie Katholiken beim Rosenkranzbeten gegen eine geb\u00e4rende Marienfigur im Linzer Dom (diese Skulptur wurde von Vandalen gek\u00f6pft), oder patriotische Zeichen der politisch Rechten in \u00d6sterreich.<\/p>\n\n\n\n<p>Petra R\u00f6bl unterst\u00fctzte Buchprojekte der HOSI Wien \u00fcber Ruth Maier und \u201eSICHTBAR\u201c anl\u00e4sslich 40 Jahre HOSI-Wien-Lesben*gruppe und wirkte bei zahlreichen Ausstellungen mit, wie \u201eThe world belongs to us\u201c, anl\u00e4sslich der EL*C 2017 in Wien, 2018 und 2019 im Pride Village, der SICHTBAR-Ausstellung 2021 und der Schau \u201eDie Tage sind heller, wenn man liebt\u201c anl\u00e4sslich der Bibliotheksbenennung nach Ruth Maier 2023 im Gugg.<\/p>\n\n\n\n<p>Sie selbst schreibt zu ihren Arbeiten: \u201e\u2026 dokumentieren &#8230; visuelle anthropologie \u2026 unsystematisches abbilden des beliebigen, des zuf\u00e4lligen im allt\u00e4glichen \u2026 sezieren des pers\u00f6nlichen, der eigenen befindlichkeiten am \u00f6ffentlichen\u2026\u201c bzw. \u201efotografie als pers\u00f6nlicher weg, sich die welt zu erschlie\u00dfen, geschichten zu erz\u00e4hlen, zu erfinden, nach lokalkolorit zu suchen \u2026 bilder dokumentieren, interpretieren und helfen uns zu ,erinnern\u2019. sie sind scheinbar ,zuf\u00e4llige\u2019 interaktive erscheinungen des auff\u00e4llig gewordenen allt\u00e4glichen.\u201c Petra R\u00f6bl schafft mit ihren Fotografien visuelle Dokumente am Puls der Zeit.<\/p>\n","protected":false},"excerpt":{"rendered":"<p>In einer kleinen, nummerierten und signierten Auflage hat Petra R\u00f6bl ihr Fotobuch \u201estardust to stardust\u201c publiziert. Es ist ein Memorial im Gedenken an ihren Vater Oskar (1938-2024), \u201ecapturing and preserving\u201c, wie R\u00f6bl am Schluss des Buches schreibt. Die Schwarz-Wei\u00df-Fotografien geben pers\u00f6nliche Einblicke auf die Beerdigung bzw. die Vorbereitungen des Begr\u00e4bnisses \u2013 Blicke auf S\u00e4rge, das [&hellip;]<\/p>\n","protected":false},"author":36,"featured_media":4834,"comment_status":"closed","ping_status":"closed","sticky":false,"template":"","format":"standard","meta":{"footnotes":""},"categories":[23],"tags":[24,110],"class_list":["post-4833","post","type-post","status-publish","format-standard","has-post-thumbnail","hentry","category-kultur","tag-buecher","tag-lambda-196"],"_links":{"self":[{"href":"https:\/\/lambdanachrichten.at\/index.php?rest_route=\/wp\/v2\/posts\/4833","targetHints":{"allow":["GET"]}}],"collection":[{"href":"https:\/\/lambdanachrichten.at\/index.php?rest_route=\/wp\/v2\/posts"}],"about":[{"href":"https:\/\/lambdanachrichten.at\/index.php?rest_route=\/wp\/v2\/types\/post"}],"author":[{"embeddable":true,"href":"https:\/\/lambdanachrichten.at\/index.php?rest_route=\/wp\/v2\/users\/36"}],"replies":[{"embeddable":true,"href":"https:\/\/lambdanachrichten.at\/index.php?rest_route=%2Fwp%2Fv2%2Fcomments&post=4833"}],"version-history":[{"count":1,"href":"https:\/\/lambdanachrichten.at\/index.php?rest_route=\/wp\/v2\/posts\/4833\/revisions"}],"predecessor-version":[{"id":4835,"href":"https:\/\/lambdanachrichten.at\/index.php?rest_route=\/wp\/v2\/posts\/4833\/revisions\/4835"}],"wp:featuredmedia":[{"embeddable":true,"href":"https:\/\/lambdanachrichten.at\/index.php?rest_route=\/wp\/v2\/media\/4834"}],"wp:attachment":[{"href":"https:\/\/lambdanachrichten.at\/index.php?rest_route=%2Fwp%2Fv2%2Fmedia&parent=4833"}],"wp:term":[{"taxonomy":"category","embeddable":true,"href":"https:\/\/lambdanachrichten.at\/index.php?rest_route=%2Fwp%2Fv2%2Fcategories&post=4833"},{"taxonomy":"post_tag","embeddable":true,"href":"https:\/\/lambdanachrichten.at\/index.php?rest_route=%2Fwp%2Fv2%2Ftags&post=4833"}],"curies":[{"name":"wp","href":"https:\/\/api.w.org\/{rel}","templated":true}]}}