{"id":4525,"date":"2024-05-31T00:19:00","date_gmt":"2024-05-30T22:19:00","guid":{"rendered":"https:\/\/lambdanachrichten.at\/?p=4525"},"modified":"2024-05-31T13:29:46","modified_gmt":"2024-05-31T11:29:46","slug":"goldenes-verdienstzeichen-fuer-dr-dieter-schmutzer","status":"publish","type":"post","link":"https:\/\/lambdanachrichten.at\/?p=4525","title":{"rendered":"Goldenes Verdienstzeichen f\u00fcr Dr. Dieter Schmutzer"},"content":{"rendered":"\n<p class=\"has-drop-cap\">Am 2. April wurde Dieter das Goldene Verdienstzeichen des Landes Wien von Landtagspr\u00e4sident Ernst Woller \u00fcberreicht. Gew\u00fcrdigt wurden seine Verdienste als Erwachsenenbildner und Mundartforscher, aber vor allem auch sein Engagement f\u00fcr die \u00f6sterreichische Schwulen- und Lesbenbewegung und in der HOSI Wien.<\/p>\n\n\n\n<p>Zu diesem Anlass baten wir einige seiner Wegbegleiter*innen um ein paar Worte.<\/p>\n\n\n\n<p><em>Christian H\u00f6gl, ehemaliger Obmann der HOSI Wien:<\/em><\/p>\n\n\n\n<p>Ich lernte Dieter Ende 1987 kennen, als ich zur HOSI Wien stie\u00df. Mit meinen 17 Jahren blickte ich zu ihm auf: Er war eine der zentralen F\u00fchrungspers\u00f6nlichkeiten im Verein, ein Hauptakteur der HOSIsters und jemand, der aufgrund seines brillanten rhetorischen Talents Gespr\u00e4che und Veranstaltungen dominierte. Zudem repr\u00e4sentierte er in dieser Zeit die HOSI Wien in den Medien und verlieh unseren Anliegen eine gewichtige Stimme. Auch als ich Dieter 1996 als Obmann des Vereins nachfolgte, blieb er eine Autorit\u00e4t f\u00fcr mich und jemand, auf dessen ehrliche Meinung und Unterst\u00fctzung ich z\u00e4hlen konnte. Bei den HOSIsters standen wir bis zu Dieters B\u00fchnenabschied 2015 gemeinsam auf der B\u00fchne. Seine Verwandlungsf\u00e4higkeit beeindruckte mich immer wieder: Mag bei den Proben etwas noch nicht so gut gelaufen sein, sobald die Scheinwerfer angeworfen wurden und Dieter vor sein Publikum trat, kam der Profi in ihm durch und er lief gesanglich und schauspielerisch zu H\u00f6chstleistungen auf. Er tr\u00e4gt das Pr\u00e4dikat \u201eRampensau\u201c nicht umsonst mit Stolz!<\/p>\n\n\n\n<p><em>Friedl Nussbaumer, Names Project Wien:<\/em><\/p>\n\n\n\n<p>Michel de Montaigne schreibt in seinen Essais: \u201eDas Wort geh\u00f6rt zur H\u00e4lfte dem, welcher spricht, und zur H\u00e4lfte dem, welcher h\u00f6rt.\u201c Als Germanist liebt Dieter Schmutzer die Sprache und deren Sch\u00f6nheit, als Lebens- und Sozialberater liebt Dieter die Menschen und deren Vielfalt. Welch\u2019 ein Gl\u00fcck, einen so wertvollen Menschen zu seinen Freunden z\u00e4hlen zu d\u00fcrfen!<\/p>\n\n\n\n<p><em>Brigitte Zika-Holoubek, Names Project Wien:<\/em><\/p>\n\n\n\n<p>Ah ja! Dieter Schmutzer in drei S\u00e4tzen!??! Bitte: Dieter, lieber Freund und kompetenter, sehr gesch\u00e4tzter Weggef\u00e4hrte durch viele Jahrzehnte. In starren Zeiten Stillstand durch \u201eBewegung\u201c verhindert. Ich bin froh und dankbar, so einen lieben Menschen an meiner Seite zu wissen.<\/p>\n\n\n\n<p><em>Barbara Fr\u00f6hlich, Schriftf\u00fchrerin HOSI Wien:<\/em><\/p>\n\n\n\n<p>Ich erinnere mich noch sehr genau als ich 1992 an meiner ersten Vorstandssitzung teilnahm. Da begeg- nete ich Dieter, damals Obmann der HOSI Wien, zum 1. Mal pers\u00f6nlich. Er betrat die \u201eB\u00fchne Vorstandssitzung\u201c souver\u00e4n und beherrschte seinen Text bravour\u00f6s. Sein Talent f\u00fcr Sprache war deutlich erkennbar. Bei kontroverseren Diskussionen war er sachlich, aber bestimmt. Durch seine Contenance gelang es so manch verbale Eskala- tion bereits im Vorfeld zu verhindern. Pers\u00f6nlich habe ich Dieter nur einmal sehr w\u00fctend und dieser Wut auch Worte verleihend erlebt und da ging es, typisch f\u00fcr ihn, einen von ihm sehr gesch\u00e4tzten Menschen vor ungerechtfertigten Anschuldigungen zu sch\u00fctzen. Ich habe Dieter als Aktivisten, aber ganz besonders auch als Menschen sehr sch\u00e4tzen gelernt.<\/p>\n\n\n\n<p><em>Kurt Krickler, Mitbegr\u00fcnder und jahrzehntelanger Mitarbeiter der HOSI Wien:<\/em><\/p>\n\n\n\n<p>Eine der hervorstechendsten Eigenschaften Dieters war immer das Bem\u00fchen um Ausgleich. Das war gerade in den Anfangszeiten der HOSI Wien von entscheidender Bedeutung und gro\u00dfem Nutzen. Durch seine ruhige, gelassene und ausgleichende Art hat er so manchen Konflikt entsch\u00e4rft und ein sehr breites und vielf\u00e4ltiges Meinungs- und Handlungsspektrum im Verein erm\u00f6glicht. Damals hat es enorm zur Erfolgsgeschichte der HOSI Wien beigetragen.<\/p>\n\n\n\n<p><em>Rotraud Perner, Juristin, Psychoanalytikerin und Theologin:<\/em><\/p>\n\n\n\n<p>Ich habe Dieter in den 1980er Jahren als Unterst\u00fctzerin der HOSI in der Forderung nach Rehabilitation der wegen ihrer sexuellen Orientierung mit dem rosa Winkel in KZs Inhaftierten von seiner ernsten Seite kennen gelernt: Als Volksaufkl\u00e4rer der sexuellen Gesundheit in der Aids-Hilfe \u00d6sterreichs. Wenn man Dieter als Kabarettist oder Schauspieler-S\u00e4nger bei den HOSIsters erlebt hat&#8230;, kennt man nur den spielfreudigen Akteur aber nicht den unauff\u00e4llig bescheidenen, jahrzehntelang beharrlichen K\u00e4mpfer f\u00fcr die Menschenrechte all der Diskriminierten, die heute unter dem Sammelbegriff LGBTIQA \u2013 schon wieder und noch immer \u2013 umGRENZt und damit aus der Normalit\u00e4t ausgeGRENZt werden.<\/p>\n","protected":false},"excerpt":{"rendered":"<p>Am 2. April wurde Dieter das Goldene Verdienstzeichen des Landes Wien von Landtagspr\u00e4sident Ernst Woller \u00fcberreicht. Gew\u00fcrdigt wurden seine Verdienste als Erwachsenenbildner und Mundartforscher, aber vor allem auch sein Engagement f\u00fcr die \u00f6sterreichische Schwulen- und Lesbenbewegung und in der HOSI Wien. Zu diesem Anlass baten wir einige seiner Wegbegleiter*innen um ein paar Worte. Christian H\u00f6gl, [&hellip;]<\/p>\n","protected":false},"author":38,"featured_media":4526,"comment_status":"closed","ping_status":"closed","sticky":false,"template":"","format":"standard","meta":{"footnotes":""},"categories":[16],"tags":[107],"class_list":["post-4525","post","type-post","status-publish","format-standard","has-post-thumbnail","hentry","category-community-politik","tag-lambda-195"],"_links":{"self":[{"href":"https:\/\/lambdanachrichten.at\/index.php?rest_route=\/wp\/v2\/posts\/4525","targetHints":{"allow":["GET"]}}],"collection":[{"href":"https:\/\/lambdanachrichten.at\/index.php?rest_route=\/wp\/v2\/posts"}],"about":[{"href":"https:\/\/lambdanachrichten.at\/index.php?rest_route=\/wp\/v2\/types\/post"}],"author":[{"embeddable":true,"href":"https:\/\/lambdanachrichten.at\/index.php?rest_route=\/wp\/v2\/users\/38"}],"replies":[{"embeddable":true,"href":"https:\/\/lambdanachrichten.at\/index.php?rest_route=%2Fwp%2Fv2%2Fcomments&post=4525"}],"version-history":[{"count":1,"href":"https:\/\/lambdanachrichten.at\/index.php?rest_route=\/wp\/v2\/posts\/4525\/revisions"}],"predecessor-version":[{"id":4527,"href":"https:\/\/lambdanachrichten.at\/index.php?rest_route=\/wp\/v2\/posts\/4525\/revisions\/4527"}],"wp:featuredmedia":[{"embeddable":true,"href":"https:\/\/lambdanachrichten.at\/index.php?rest_route=\/wp\/v2\/media\/4526"}],"wp:attachment":[{"href":"https:\/\/lambdanachrichten.at\/index.php?rest_route=%2Fwp%2Fv2%2Fmedia&parent=4525"}],"wp:term":[{"taxonomy":"category","embeddable":true,"href":"https:\/\/lambdanachrichten.at\/index.php?rest_route=%2Fwp%2Fv2%2Fcategories&post=4525"},{"taxonomy":"post_tag","embeddable":true,"href":"https:\/\/lambdanachrichten.at\/index.php?rest_route=%2Fwp%2Fv2%2Ftags&post=4525"}],"curies":[{"name":"wp","href":"https:\/\/api.w.org\/{rel}","templated":true}]}}