{"id":4429,"date":"2024-03-08T00:23:00","date_gmt":"2024-03-07T23:23:00","guid":{"rendered":"https:\/\/lambdanachrichten.at\/?p=4429"},"modified":"2024-03-03T21:31:30","modified_gmt":"2024-03-03T20:31:30","slug":"willkommen-bienvenue-welcome","status":"publish","type":"post","link":"https:\/\/lambdanachrichten.at\/?p=4429","title":{"rendered":"Willkommen Bienvenue Welcome"},"content":{"rendered":"\n<p class=\"has-drop-cap\">Die Idee, den Regenbogenball f\u00fcr mehr internationale Vernetzung zu nutzen, kam uns schon vor einigen Jahren, als immer auff\u00e4lliger wurde wie viele internationale G\u00e4st*innen uns jedes Jahr f\u00fcr eine rauschende Ballnacht besuchen. Die noch recht neue Arbeitsgruppe \u201eInternationales\u201c der HOSI Wien veranstaltete am Vorabend des Regenbogenballs einen Empfang f\u00fcr internationale G\u00e4st*innen im Caf\u00e9 Gugg: Unser Regenbogenempfang bzw. Rainbow Reception war geboren. Urspr\u00fcnglich als kleines Event geplant war schnell klar, dass wesentlich mehr internationale Aktivist*innen in der Stadt sind als angenommen. <\/p>\n\n\n\n<p>Eingeladen waren internationale G\u00e4ste, die zum Regenbogenball anreisten, sowie weitere interessierte queere Aktivist*innen aus unseren Nachbarl\u00e4ndern. Da das Event aufgrund des gro\u00dfen Andrangs auch in unseren offenen Barr\u00e4umlichkeiten stattfand, hatten auch regul\u00e4re Besucher*innen des Caf\u00e9 Gugg die M\u00f6glichkeit, sich mit unseren G\u00e4st*innen zu unterhalten. Die Veranstaltung diente nicht nur dazu, Netzwerke auszubauen oder Freundschaften zu kn\u00fcpfen, sondern vor allem auch Erfahrungen auszutauschen und die Bildung einer mitteleurop\u00e4ischen Vernetzung von queeren Aktivist*innen zu f\u00f6rdern. <\/p>\n\n\n\n<p>Die meisten Teilnehmenden kamen aus unseren direkten Nachbarl\u00e4ndern: engagierte Menschen aus vielen Teilen Deutschlands, aus der Schweiz, Tschechien, Italien, Ungarn, Slowenien und der Slowakei. Aber auch Gruppen und Einzelpersonen aus ferneren L\u00e4ndern waren pr\u00e4sent. So nahm eine Gruppe franz\u00f6sischer Aktivist*innen den weiten Weg auf sich und auch serbische, maltesische, britische und albanische Aktivist*innen scheuten die Anfahrt nicht. Diese bunte Mischung zeigt die internationale Dimension der Veranstaltung Regenbogenball und den Bedarf, grenz\u00fcberschreitende Verbindungen in der queer-aktivistischen Gemeinschaft weiter zu st\u00e4rken. Die besondere Bedeutung, die die Wiener Community aufgrund ihrer geografischen Lage einnehmen kann, hat sich an dieser Veranstaltung wieder einmal deutlich gezeigt. Unser Ziel muss sein die Bande der Freundschaft in unsere Nachbarl\u00e4nder noch enger zu kn\u00fcpfen, denn im Moment ist noch viel Luft nach oben. Beispielsweise waren Vertreter*innen von Organisationen aus Bratislava und Brno (beide St\u00e4dte wohlgemerkt weniger als 2 Stunden von Wien entfernt) zum ersten Mal bei uns zu Gast!<\/p>\n\n\n\n<p>Der Abend begann mit einer freundlichen Begr\u00fc\u00dfung, einem Glas Prosecco und einem kleinen H\u00e4ppchen Buffet. Die Teilnehmer*innen hatten die Gelegenheit, sich in entspannter Atmosph\u00e4re kennenzulernen und stiegen in den meisten F\u00e4llen direkt in rege Diskussionen ein. Der Austausch drehte sich viel um die aktuellen Bedrohungen, denen die europ\u00e4ische LGBTIQ Bewegung ausgesetzt ist, aber auch praktische Fragen rund um Aktivismus wurden ausf\u00fchrlich besprochen. Nat\u00fcrlich war auch der Ball, dessen Programm und die jeweiligen Outfits ein omnipr\u00e4sentes Thema der Gespr\u00e4che. <\/p>\n\n\n\n<p>Der Regenbogenempfang, die erste offizielle Veranstaltung unserer AG Internationales, erwies sich als ein voller Erfolg und verdeutlichte einmal mehr die Bedeutung von internationaler Zusammenarbeit und Solidarit\u00e4t. Der Austausch zwischen den Teilnehmer*innen st\u00e4rkte nicht nur unser gemeinsames Netzwerk, sondern f\u00f6rderte auch das Verst\u00e4ndnis daf\u00fcr, dass wir trotz aller Unterschiede Teil derselben Bewegung sind: der europ\u00e4ischen Pride-Bewegung. Gerade im Jahr der Wahl zum Europ\u00e4ischen Parlament sind solche Erinnerungen von gro\u00dfem Wert. Wir k\u00f6nnen also mit Fug und Recht sagen: Der Regenbogenempfang war ein l\u00e4ngst \u00fcberf\u00e4lliger voller Erfolg.<\/p>\n","protected":false},"excerpt":{"rendered":"<p>Die Idee, den Regenbogenball f\u00fcr mehr internationale Vernetzung zu nutzen, kam uns schon vor einigen Jahren, als immer auff\u00e4lliger wurde wie viele internationale G\u00e4st*innen uns jedes Jahr f\u00fcr eine rauschende Ballnacht besuchen. Die noch recht neue Arbeitsgruppe \u201eInternationales\u201c der HOSI Wien veranstaltete am Vorabend des Regenbogenballs einen Empfang f\u00fcr internationale G\u00e4st*innen im Caf\u00e9 Gugg: Unser [&hellip;]<\/p>\n","protected":false},"author":49,"featured_media":4430,"comment_status":"closed","ping_status":"closed","sticky":false,"template":"","format":"standard","meta":{"footnotes":""},"categories":[16],"tags":[101],"class_list":["post-4429","post","type-post","status-publish","format-standard","has-post-thumbnail","hentry","category-community-politik","tag-lambda-194"],"_links":{"self":[{"href":"https:\/\/lambdanachrichten.at\/index.php?rest_route=\/wp\/v2\/posts\/4429","targetHints":{"allow":["GET"]}}],"collection":[{"href":"https:\/\/lambdanachrichten.at\/index.php?rest_route=\/wp\/v2\/posts"}],"about":[{"href":"https:\/\/lambdanachrichten.at\/index.php?rest_route=\/wp\/v2\/types\/post"}],"author":[{"embeddable":true,"href":"https:\/\/lambdanachrichten.at\/index.php?rest_route=\/wp\/v2\/users\/49"}],"replies":[{"embeddable":true,"href":"https:\/\/lambdanachrichten.at\/index.php?rest_route=%2Fwp%2Fv2%2Fcomments&post=4429"}],"version-history":[{"count":1,"href":"https:\/\/lambdanachrichten.at\/index.php?rest_route=\/wp\/v2\/posts\/4429\/revisions"}],"predecessor-version":[{"id":4431,"href":"https:\/\/lambdanachrichten.at\/index.php?rest_route=\/wp\/v2\/posts\/4429\/revisions\/4431"}],"wp:featuredmedia":[{"embeddable":true,"href":"https:\/\/lambdanachrichten.at\/index.php?rest_route=\/wp\/v2\/media\/4430"}],"wp:attachment":[{"href":"https:\/\/lambdanachrichten.at\/index.php?rest_route=%2Fwp%2Fv2%2Fmedia&parent=4429"}],"wp:term":[{"taxonomy":"category","embeddable":true,"href":"https:\/\/lambdanachrichten.at\/index.php?rest_route=%2Fwp%2Fv2%2Fcategories&post=4429"},{"taxonomy":"post_tag","embeddable":true,"href":"https:\/\/lambdanachrichten.at\/index.php?rest_route=%2Fwp%2Fv2%2Ftags&post=4429"}],"curies":[{"name":"wp","href":"https:\/\/api.w.org\/{rel}","templated":true}]}}