{"id":4415,"date":"2024-03-08T00:20:00","date_gmt":"2024-03-07T23:20:00","guid":{"rendered":"https:\/\/lambdanachrichten.at\/?p=4415"},"modified":"2024-03-03T21:31:44","modified_gmt":"2024-03-03T20:31:44","slug":"leserbrief-gaense-fuer-martini","status":"publish","type":"post","link":"https:\/\/lambdanachrichten.at\/?p=4415","title":{"rendered":"Leserbrief &#8222;G\u00e4nse f\u00fcr Martini&#8220;"},"content":{"rendered":"\n<h3 class=\"wp-block-heading\"><strong>Liebe Lambda-Leute,<\/strong><\/h3>\n\n\n\n<p class=\"has-drop-cap\">Als langj\u00e4hriger zufriedener Leser der Lambda muss ich euch meinen \u00c4rger zum Beitrag \u201eG\u00e4nse f\u00fcr Martini\u201c in der Lambda 4\/2023 ausdr\u00fccken. Zun\u00e4chst: Ich stimme mit dem Autor \u00fcberein, dass die Pal\u00e4stina-Fahne an der Villa eine Dummheit ist. Aber so einfach kann man es sich nicht machen! Nat\u00fcrlich w\u00fcrde ich als Schwuler und \u2013 nebenbei \u2013Nachfahre von Opfern der Shoah lieber in Tel Aviv leben als in Ramallah. Aber das kann mich doch nicht hindern, mir ein Mindestma\u00df an universaler Menschlichkeit zu bewahren und die israelische Regierung f\u00fcr die T\u00f6tung tausender Unschuldiger in Gaza und die rassistische Siedlergewalt im Westjordanland zu kritisieren. \u00dcbrigens: Die Zukunft der Tel Aviv Gay Pride ist keineswegs gesichert, wenn dort die rechten Fanatiker weiter an Einfluss gewinnen;\u00a0Faschisten bleiben Faschisten \u2013 auf beiden Seiten. Und in der Thora finden sie \u2013 im Gegensatz zum Koran \u2013 gen\u00fcgend Homophobie, um das durchzusetzen\u2026Warum sonst solidarisieren sich nun FP\u00d6, AfD und Le Pen so bedingungslos mit Israel? Schon aus diesem Grund m\u00fcsste\u00a0 sich eine LGBT-Zeitung gegen die derzeitige Politik Israels stellen. Jedenfalls sollte die Lambda nicht noch \u00d6l in das Feuer der eh schon vergifteten Diskussion gie\u00dfen und sich um etwas mehr Differenziertheit bem\u00fchen! Ansonsten gilt: Wor\u00fcber man nicht reden kann, soll man schweigen (Wittgenstein). Ich werde die Lambda trotzdem weiterhin mit kritischer Neugier und Vergn\u00fcgen lesen.\u00a0<\/p>\n\n\n\n<p><em>Mit lieben Gr\u00fc\u00dfen,\u00a0<br>Wolfgang F\u00f6rster\u00a0<\/em><\/p>\n\n\n\n<h3 class=\"wp-block-heading\"><strong>Lieber Wolfgang,<\/strong><\/h3>\n\n\n\n<p class=\"has-drop-cap\">ich danke dir herzlich f\u00fcr deinen Leserbrief! Deine Kritik hat mich, neben dem vielen positiven Feedback, wirklich gefreut, denn sie ist ebenso sachlich wie bedenkenswert.<\/p>\n\n\n\n<p>Daher erlaube ich mir eine kurze Antwort darauf: In meinem Kommentar habe ich bewusst nicht \u00fcber den israelisch-pal\u00e4stinensischen Konflikt an sich geschrieben, der w\u00e4re ein viel zu gro\u00dfes Thema und vor allem als solcher nur bedingt relevant f\u00fcr eine LGBTIQ-Zeitschrift oder die HOSI Wien. Mir ging es konkret um den LGBTIQ-Aspekt und wieso ich die Solidarisierung ausgerechnet und explizit als LGBTIQ-Bewegung mit der pal\u00e4stinensischen Sache f\u00fcr fehlgeleitet halte. Was mir offensichtlich scheint, wenn LGBTIQ-Menschen aus den Pal\u00e4stinensergebieten nach Israel fl\u00fcchten m\u00fcssen und dort Asyl bekommen, wie das Oberste Gericht erst Anfang Februar best\u00e4tigt hat. Daran \u00e4ndern weder extremistische politische Minderheiten in Israel noch weitgehend ignorierte Thora-Stellen etwas.<\/p>\n\n\n\n<p>Jeder, auch dieser, Krieg ist entsetzlich, am meisten f\u00fcr Zivilist:innen, aber ich verweise auf den Internationalen Gerichtshof in Den Haag, der in seiner j\u00fcngsten Entscheidung keine akute Notwendigkeit gesehen hat, das israelische Vorgehen zu stoppen.<\/p>\n\n\n\n<p>Abschlie\u00dfend ein kurzer Transparenzhinweis: Mein Kommentar gibt ausschlie\u00dflich meine pers\u00f6nliche Sichtweise wieder, nicht die Blattlinie der Lambda oder die Vereinsmeinung der HOSI Wien, die wir als \u201eEditorial\u201c kennzeichnen. In der Lambda ist bewusst auch Platz f\u00fcr Diskussionen abseits davon.<\/p>\n\n\n\n<p><em>Liebe Gr\u00fc\u00dfe<br>Moritz<\/em><\/p>\n","protected":false},"excerpt":{"rendered":"<p>Liebe Lambda-Leute, Als langj\u00e4hriger zufriedener Leser der Lambda muss ich euch meinen \u00c4rger zum Beitrag \u201eG\u00e4nse f\u00fcr Martini\u201c in der Lambda 4\/2023 ausdr\u00fccken. Zun\u00e4chst: Ich stimme mit dem Autor \u00fcberein, dass die Pal\u00e4stina-Fahne an der Villa eine Dummheit ist. Aber so einfach kann man es sich nicht machen! Nat\u00fcrlich w\u00fcrde ich als Schwuler und \u2013 [&hellip;]<\/p>\n","protected":false},"author":18,"featured_media":4417,"comment_status":"closed","ping_status":"closed","sticky":false,"template":"","format":"standard","meta":{"footnotes":""},"categories":[16],"tags":[101],"class_list":["post-4415","post","type-post","status-publish","format-standard","has-post-thumbnail","hentry","category-community-politik","tag-lambda-194"],"_links":{"self":[{"href":"https:\/\/lambdanachrichten.at\/index.php?rest_route=\/wp\/v2\/posts\/4415","targetHints":{"allow":["GET"]}}],"collection":[{"href":"https:\/\/lambdanachrichten.at\/index.php?rest_route=\/wp\/v2\/posts"}],"about":[{"href":"https:\/\/lambdanachrichten.at\/index.php?rest_route=\/wp\/v2\/types\/post"}],"author":[{"embeddable":true,"href":"https:\/\/lambdanachrichten.at\/index.php?rest_route=\/wp\/v2\/users\/18"}],"replies":[{"embeddable":true,"href":"https:\/\/lambdanachrichten.at\/index.php?rest_route=%2Fwp%2Fv2%2Fcomments&post=4415"}],"version-history":[{"count":4,"href":"https:\/\/lambdanachrichten.at\/index.php?rest_route=\/wp\/v2\/posts\/4415\/revisions"}],"predecessor-version":[{"id":4420,"href":"https:\/\/lambdanachrichten.at\/index.php?rest_route=\/wp\/v2\/posts\/4415\/revisions\/4420"}],"wp:featuredmedia":[{"embeddable":true,"href":"https:\/\/lambdanachrichten.at\/index.php?rest_route=\/wp\/v2\/media\/4417"}],"wp:attachment":[{"href":"https:\/\/lambdanachrichten.at\/index.php?rest_route=%2Fwp%2Fv2%2Fmedia&parent=4415"}],"wp:term":[{"taxonomy":"category","embeddable":true,"href":"https:\/\/lambdanachrichten.at\/index.php?rest_route=%2Fwp%2Fv2%2Fcategories&post=4415"},{"taxonomy":"post_tag","embeddable":true,"href":"https:\/\/lambdanachrichten.at\/index.php?rest_route=%2Fwp%2Fv2%2Ftags&post=4415"}],"curies":[{"name":"wp","href":"https:\/\/api.w.org\/{rel}","templated":true}]}}