{"id":4274,"date":"2023-12-01T00:17:00","date_gmt":"2023-11-30T23:17:00","guid":{"rendered":"https:\/\/lambdanachrichten.at\/?p=4274"},"modified":"2023-11-30T18:48:30","modified_gmt":"2023-11-30T17:48:30","slug":"die-tage-sind-hellerwenn-man-liebt","status":"publish","type":"post","link":"https:\/\/lambdanachrichten.at\/?p=4274","title":{"rendered":"\u201eDie Tage sind heller,wenn man liebt\u201c"},"content":{"rendered":"\n<p class=\"has-drop-cap\">Unter diesem Titel fanden am 24. Oktober in der HOSI Wien mehrere Veranstaltungen zu Ruth Maier statt: zwei Ausstellungser\u00f6ffnungen, eine Bibliotheksbenennung sowie Pr\u00e4sentation einer Brosch\u00fcre.<\/p>\n\n\n\n<p>In einer Ausstellung setzten sich K\u00fcnstler:innen mit Ruth Maier auseinander. Die fotografischen und literarischen Beitr\u00e4ge von Norma del Camino, Barbara Fr\u00f6hlich, Sophie Kr\u00fcger, Petra Paul, Petra R\u00f6bl, Sabine Schwaighofer, Marie Thur und Brigitte Zika wurden im Gugg ausgestellt. In Gio\u2019s Room wurde die zweite Ausstellung \u201eDas kurze Leben der Ruth Maier. Wien \u2013 Oslo \u2013 Auschwitz\u201c, eine Leihgabe des Dokumentationsarchiv des \u00f6sterreichischen Widerstandes, D\u00d6W, Wien gezeigt.<\/p>\n\n\n\n<p>Umrahmt von diesen Zeugnissen \u00fcbernahmen Ann-Sophie Otte (Obfrau der HOSI Wien), Lisa Hermanns (LesBiFem-Referentin) und Barbara Fr\u00f6hlich (ehem. Lesben*referentin) die einleitende Worte. Hannah M. Lessing, Generalsekret\u00e4rin des Nationalfonds der Republik \u00d6sterreich f\u00fcr Opfer des Nationalsozialismus, betonte die gro\u00dfe Bedeutung dieses Projekts zur Erinnerung und die Benennung der Vereinsbibliothek nach Ruth Maier. <\/p>\n\n\n\n<p>Am 10. November 1920 in Wien geboren, konnte Maier zuerst vor den Nationalsozialisten nach Norwegen fliehen, wurde dort 1942 verhaftet, nach Auschwitz deportiert und vergast. Historiker Wilfried Garscha vom D\u00d6W Wien gab Einblicke in seine eigene Forschung zu Ruth Maier und hob ihre Beziehung zu Gunvor Hofmo hervor. Kunsthistorikerin Petra M. Springer zeigte Beispiele des k\u00fcnstlerischen Werks Maiers und ging vor allem auf zwei Arbeiten ein: das Aquarell Schlosspark (1942) und skizzierte Ansichten auf einer Tagebuchseite, die fast surreal durcheinander gew\u00fcrfelt erscheinen (1936): Kircht\u00fcrme, Landschaft, Schiff, Liegestuhl,&#8230; Von Deck aus hat Ruth Maier Eindr\u00fccke einer Schiffsreise von Budapest nach Wien festgehalten: Es entstanden keine einzelnen Skizzen, sondern die Bilder, die w\u00e4hrend der Fahrtdauer nacheinander am Ufer auftauchten, sind hier in einer Zeichnung verdichtet. <\/p>\n\n\n\n<p>Nach den Reden wurde im Salon Helga die Metallplakette der Ruth Maier Bibliothek von Hannah M. Lessing und Ann-Sophie Otte feierlich enth\u00fcllt.<\/p>\n\n\n\n<p>Im November fanden weitere Veranstaltungen zum Gedenken an Ruth Maier statt: Am 14. November wurde der Film \u201eRuth Maier \u2013 die Anne Frank von \u00d6sterreich\u201c von Robert Gokl gezeigt, mit anschlie\u00dfendem Gespr\u00e4ch von Petra M. Springer mit dem Historiker und Filmemacher. In einer weiteren Veranstaltung wurden die Ergebnisse der kreativen Schreibwerkstatt, geleitet von der Schreibp\u00e4dagogin und Autorin Norma del Camino, pr\u00e4sentiert. <\/p>\n\n\n\n<p>Die gedruckte Brosch\u00fcre \u201e\u2018Die Tage sind heller, wenn man liebt\u2018. Ruth Maier. Wien \u2013 Oslo \u2013 Auschwitz\u201c aus der Edition Regenbogen ist in der HOSI Wien gratis erh\u00e4ltlich und wurde, ebenso wie eine englische Ausgabe, auf der Website der HOSI Wien zum Bl\u00e4ttern und Downloaden bereitgestellt. <\/p>\n\n\n\n<blockquote class=\"wp-block-quote is-layout-flow wp-block-quote-is-layout-flow\">\n<p>Die HOSI Wien Bibliothek w\u00e4re nur halb so gro\u00df ohne Gudrun Hauer. Aus Salzburg kommend fand Gudrun in der HOSI Wien ihre aktivistische Heimat. Sie war 1985 die erste Frau im HOSI-Vorstand und lange Schriftf\u00fchrerin des Vereins, sowie bis zu ihrem Ableben Lambda Co-Chefredakteurin. Gudrun vertrat die HOSI Wien auch bei Podiumsdiskussionen, auf Pressekonferenzen und gegen\u00fcber den Medien; ob beim politischen Lobbying oder in akademischen und wissenschaftlichen Kontexten. Sie las gerne und viel, vor allem feministischen, lesbischen und wissenschaftlichen Literatur. Viele ihrer B\u00fccher finden sich nun in unserer Bibliothek. Gudrun w\u00e4re heuer 70 Jahre alt geworden.<\/p>\n<\/blockquote>\n","protected":false},"excerpt":{"rendered":"<p>Unter diesem Titel fanden am 24. Oktober in der HOSI Wien mehrere Veranstaltungen zu Ruth Maier statt: zwei Ausstellungser\u00f6ffnungen, eine Bibliotheksbenennung sowie Pr\u00e4sentation einer Brosch\u00fcre. In einer Ausstellung setzten sich K\u00fcnstler:innen mit Ruth Maier auseinander. Die fotografischen und literarischen Beitr\u00e4ge von Norma del Camino, Barbara Fr\u00f6hlich, Sophie Kr\u00fcger, Petra Paul, Petra R\u00f6bl, Sabine Schwaighofer, Marie [&hellip;]<\/p>\n","protected":false},"author":36,"featured_media":4275,"comment_status":"closed","ping_status":"closed","sticky":false,"template":"","format":"standard","meta":{"footnotes":""},"categories":[16],"tags":[97,104],"class_list":["post-4274","post","type-post","status-publish","format-standard","has-post-thumbnail","hentry","category-community-politik","tag-gedenken","tag-lambda-193"],"_links":{"self":[{"href":"https:\/\/lambdanachrichten.at\/index.php?rest_route=\/wp\/v2\/posts\/4274","targetHints":{"allow":["GET"]}}],"collection":[{"href":"https:\/\/lambdanachrichten.at\/index.php?rest_route=\/wp\/v2\/posts"}],"about":[{"href":"https:\/\/lambdanachrichten.at\/index.php?rest_route=\/wp\/v2\/types\/post"}],"author":[{"embeddable":true,"href":"https:\/\/lambdanachrichten.at\/index.php?rest_route=\/wp\/v2\/users\/36"}],"replies":[{"embeddable":true,"href":"https:\/\/lambdanachrichten.at\/index.php?rest_route=%2Fwp%2Fv2%2Fcomments&post=4274"}],"version-history":[{"count":2,"href":"https:\/\/lambdanachrichten.at\/index.php?rest_route=\/wp\/v2\/posts\/4274\/revisions"}],"predecessor-version":[{"id":4277,"href":"https:\/\/lambdanachrichten.at\/index.php?rest_route=\/wp\/v2\/posts\/4274\/revisions\/4277"}],"wp:featuredmedia":[{"embeddable":true,"href":"https:\/\/lambdanachrichten.at\/index.php?rest_route=\/wp\/v2\/media\/4275"}],"wp:attachment":[{"href":"https:\/\/lambdanachrichten.at\/index.php?rest_route=%2Fwp%2Fv2%2Fmedia&parent=4274"}],"wp:term":[{"taxonomy":"category","embeddable":true,"href":"https:\/\/lambdanachrichten.at\/index.php?rest_route=%2Fwp%2Fv2%2Fcategories&post=4274"},{"taxonomy":"post_tag","embeddable":true,"href":"https:\/\/lambdanachrichten.at\/index.php?rest_route=%2Fwp%2Fv2%2Ftags&post=4274"}],"curies":[{"name":"wp","href":"https:\/\/api.w.org\/{rel}","templated":true}]}}