{"id":4223,"date":"2023-12-01T00:05:00","date_gmt":"2023-11-30T23:05:00","guid":{"rendered":"https:\/\/lambdanachrichten.at\/?p=4223"},"modified":"2023-11-30T18:50:51","modified_gmt":"2023-11-30T17:50:51","slug":"queer-und-behindert","status":"publish","type":"post","link":"https:\/\/lambdanachrichten.at\/?p=4223","title":{"rendered":"Queer und behindert"},"content":{"rendered":"\n<p class=\"has-drop-cap\">Behinderte Menschen werden vielfach diskriminiert &#8211; auch in der queeren Community. Besonders schlimm ist die Ablehnung auf Dating-Plattformen, doch auch im Alltag gibt es zahlreiche Benachteiligungen. Daher ist es w\u00fcnschenswert, wenn sich die queere Community mit Ableismus auseinandersetzt. Die queere Aktivistin Luisa L&#8217;Audace hat dazu ein gutes Buch geschrieben. Ableismus l\u00e4sst sich nicht in wenigen Worten beschreiben. Hier geht es um Strukturen und Denkweisen, mit denen behinderte und chronisch kranke Menschen unterdr\u00fcckt werden. Die Autorin schreibt in dem Buch auch viel \u00fcber ihre pers\u00f6nlichen Erfahrungen. Als Kind habe sie sich gro\u00dfe M\u00fche gegeben, als nicht-behindert angesehen zu werden. Sie habe geglaubt, &#8222;dass alles, was unsere K\u00f6rper k\u00f6nnen, und wie sie aussehen, beeinflussbar ist und dass wir alles erreichen k\u00f6nnen, wenn wir nur fest daran glauben und hart daf\u00fcr arbeiten&#8220;. Doch diese Ansicht habe sich als Irrglaube herausgestellt. In der Schule erlebte die Autorin viel Diskriminierung. So meinte die Lehrerin zu den Mitsch\u00fcler*innen: &#8222;Die Luisa ist eben ein bisschen anders. Darauf m\u00fcsst ihr R\u00fccksicht nehmen.&#8220; Trotzdem sei das Verhalten ihrer Mitsch\u00fcler*innen an Boshaftigkeit kaum zu \u00fcberbieten gewesen, schreibt die Autorin. Sie wehrt sich gegen die Meinung, dass behinderte Menschen besondere Bed\u00fcrfnisse haben. &#8222;In Wahrheit unterscheiden sich unsere Bed\u00fcrfnisse n\u00e4mlich nicht im Geringsten von den Bed\u00fcrfnissen nicht-behinderter Menschen.&#8220; Die Abgrenzung zwischen &#8222;uns&#8220; und den &#8222;anderen&#8220; spielt bei Ableismus eine gro\u00dfe Rolle. Auch Bezeichnungen wie &#8222;gesund&#8220; und &#8222;normal&#8220; sind zu vermeiden, denn nicht jede Behinderung habe mit einer Krankheit zu tun. Und was zur Norm geh\u00f6rt, wird von der Dominanzgesellschaft vorgegeben. Es ist zu w\u00fcnschen, dass viele Menschen dieses Buch lesen.<\/p>\n\n\n\n<p><em>Luisa L&#8217;Audace: Behindert und stolz. Edel Verlagsgruppe, Hamburg 2022.<\/em><\/p>\n","protected":false},"excerpt":{"rendered":"<p>Behinderte Menschen werden vielfach diskriminiert &#8211; auch in der queeren Community. Besonders schlimm ist die Ablehnung auf Dating-Plattformen, doch auch im Alltag gibt es zahlreiche Benachteiligungen. Daher ist es w\u00fcnschenswert, wenn sich die queere Community mit Ableismus auseinandersetzt. Die queere Aktivistin Luisa L&#8217;Audace hat dazu ein gutes Buch geschrieben. Ableismus l\u00e4sst sich nicht in wenigen [&hellip;]<\/p>\n","protected":false},"author":7,"featured_media":4224,"comment_status":"closed","ping_status":"closed","sticky":false,"template":"","format":"standard","meta":{"footnotes":""},"categories":[23],"tags":[24,104],"class_list":["post-4223","post","type-post","status-publish","format-standard","has-post-thumbnail","hentry","category-kultur","tag-buecher","tag-lambda-193"],"_links":{"self":[{"href":"https:\/\/lambdanachrichten.at\/index.php?rest_route=\/wp\/v2\/posts\/4223","targetHints":{"allow":["GET"]}}],"collection":[{"href":"https:\/\/lambdanachrichten.at\/index.php?rest_route=\/wp\/v2\/posts"}],"about":[{"href":"https:\/\/lambdanachrichten.at\/index.php?rest_route=\/wp\/v2\/types\/post"}],"author":[{"embeddable":true,"href":"https:\/\/lambdanachrichten.at\/index.php?rest_route=\/wp\/v2\/users\/7"}],"replies":[{"embeddable":true,"href":"https:\/\/lambdanachrichten.at\/index.php?rest_route=%2Fwp%2Fv2%2Fcomments&post=4223"}],"version-history":[{"count":1,"href":"https:\/\/lambdanachrichten.at\/index.php?rest_route=\/wp\/v2\/posts\/4223\/revisions"}],"predecessor-version":[{"id":4225,"href":"https:\/\/lambdanachrichten.at\/index.php?rest_route=\/wp\/v2\/posts\/4223\/revisions\/4225"}],"wp:featuredmedia":[{"embeddable":true,"href":"https:\/\/lambdanachrichten.at\/index.php?rest_route=\/wp\/v2\/media\/4224"}],"wp:attachment":[{"href":"https:\/\/lambdanachrichten.at\/index.php?rest_route=%2Fwp%2Fv2%2Fmedia&parent=4223"}],"wp:term":[{"taxonomy":"category","embeddable":true,"href":"https:\/\/lambdanachrichten.at\/index.php?rest_route=%2Fwp%2Fv2%2Fcategories&post=4223"},{"taxonomy":"post_tag","embeddable":true,"href":"https:\/\/lambdanachrichten.at\/index.php?rest_route=%2Fwp%2Fv2%2Ftags&post=4223"}],"curies":[{"name":"wp","href":"https:\/\/api.w.org\/{rel}","templated":true}]}}