{"id":2531,"date":"2023-09-01T00:23:00","date_gmt":"2023-08-31T22:23:00","guid":{"rendered":"https:\/\/lambdanachrichten.at\/?p=2531"},"modified":"2025-06-04T22:04:34","modified_gmt":"2025-06-04T20:04:34","slug":"hosi-wien-im-sommer-3","status":"publish","type":"post","link":"https:\/\/lambdanachrichten.at\/?p=2531","title":{"rendered":"Hosi Wien im Sommer"},"content":{"rendered":"\n<h2 class=\"wp-block-heading\">Ein unvollst\u00e4ndiger R\u00fcckblick<\/h2>\n\n\n\n<p class=\"has-drop-cap\">Am 17. Mai nahmen wir Teil an der Demo zum IDAHOBIT, am Internationalen Tag gegen Homo-, Bi-, Inter- und Transphobie. W\u00e4hrend wir in \u00d6sterreich bei weitem noch nicht voll umfassende Gleichstellung erreicht haben und noch viele Forderungen wie den voll umfassenden Diskriminierungsschutz oder das Verbot von Konversionstherapien haben, machten wir dieses Jahr besonders auf das fehlende Verbot von nicht medizinisch notwendigen Operationen an intergeschlechtlichen Minderj\u00e4hrigen aufmerksam.<\/p>\n\n\n<div class=\"wp-block-image is-style-default\">\n<figure class=\"aligncenter size-large\"><img loading=\"lazy\" decoding=\"async\" width=\"1024\" height=\"576\" src=\"https:\/\/lambdanachrichten.at\/wp-content\/uploads\/2023\/08\/Mo-Blau-in-der-Sendung-\u201eStreitzeit-1024x576.jpg\" alt=\"Mo Blau in der Sendung \u201eStreitzeit\u201c\" class=\"wp-image-2536\" srcset=\"https:\/\/lambdanachrichten.at\/wp-content\/uploads\/2023\/08\/Mo-Blau-in-der-Sendung-\u201eStreitzeit-1024x576.jpg 1024w, https:\/\/lambdanachrichten.at\/wp-content\/uploads\/2023\/08\/Mo-Blau-in-der-Sendung-\u201eStreitzeit-300x169.jpg 300w, https:\/\/lambdanachrichten.at\/wp-content\/uploads\/2023\/08\/Mo-Blau-in-der-Sendung-\u201eStreitzeit-150x84.jpg 150w, https:\/\/lambdanachrichten.at\/wp-content\/uploads\/2023\/08\/Mo-Blau-in-der-Sendung-\u201eStreitzeit-768x432.jpg 768w, https:\/\/lambdanachrichten.at\/wp-content\/uploads\/2023\/08\/Mo-Blau-in-der-Sendung-\u201eStreitzeit.jpg 1080w\" sizes=\"auto, (max-width: 1024px) 100vw, 1024px\" \/><figcaption class=\"wp-element-caption\">Mo Blau in der Sendung \u201eStreitzeit\u201c<\/figcaption><\/figure>\n<\/div>\n\n\n<p>25. Mai: Unsere Transgenderreferat-Leitung Mo Blau hat sich im ORF III bei der Sendung \u201eStreitzeit\u201c einer Auseinandersetzung zum Thema Transrechte gestellt. Es diskutierten die Journalistinnen Georgine Kellermann und Chantal Louis, sowie Mediziner Johannes Huber, Psychotherapeut Ernst Silbermayr und Mo Blau, unter Moderation von Peter F\u00e4sslacher.<\/p>\n\n\n<div class=\"wp-block-image is-style-default\">\n<figure class=\"aligncenter size-large\"><img loading=\"lazy\" decoding=\"async\" width=\"1024\" height=\"682\" src=\"https:\/\/lambdanachrichten.at\/wp-content\/uploads\/2023\/08\/Mistelbach-Pride-Foto-Jakob-Koch-1024x682.jpg\" alt=\"Mistelbach-Pride (Foto Jakob Koch)\" class=\"wp-image-2532\" srcset=\"https:\/\/lambdanachrichten.at\/wp-content\/uploads\/2023\/08\/Mistelbach-Pride-Foto-Jakob-Koch-1024x682.jpg 1024w, https:\/\/lambdanachrichten.at\/wp-content\/uploads\/2023\/08\/Mistelbach-Pride-Foto-Jakob-Koch-300x200.jpg 300w, https:\/\/lambdanachrichten.at\/wp-content\/uploads\/2023\/08\/Mistelbach-Pride-Foto-Jakob-Koch-150x100.jpg 150w, https:\/\/lambdanachrichten.at\/wp-content\/uploads\/2023\/08\/Mistelbach-Pride-Foto-Jakob-Koch-768x512.jpg 768w, https:\/\/lambdanachrichten.at\/wp-content\/uploads\/2023\/08\/Mistelbach-Pride-Foto-Jakob-Koch-1200x800.jpg 1200w, https:\/\/lambdanachrichten.at\/wp-content\/uploads\/2023\/08\/Mistelbach-Pride-Foto-Jakob-Koch.jpg 1361w\" sizes=\"auto, (max-width: 1024px) 100vw, 1024px\" \/><figcaption class=\"wp-element-caption\">Mistelbach-Pride (Foto Jakob Koch)<\/figcaption><\/figure>\n<\/div>\n\n\n<p>Im Mai begannen schon die ersten Pride Paraden: Am 20 Mai waren wir mit dabei in Mistelbach, und am 27. Mai waren wir zu Besuch bei der St. P\u00f6lten Pride.<\/p>\n\n\n\n<p>Vom 1. bis 18. Juni war Vienna Pride, mit dutzenden Aktionen und Events von und f\u00fcr die LGBTIQ*-Community. Der H\u00f6hepunkt war die 27. Regenbogenparade, die am 17. Juni rund um den Ring f\u00fchrte.<\/p>\n\n\n\n<p>2. Juni: Nach einer Corona-bedingten Pause gab es heuer zum Aids Memorial Day wieder eine gemeinsame feierliche Zeremonie, um an Menschen, die an HIV\/Aids gestorben sind, zu gedenken.<\/p>\n\n\n\n<p>Mit dem 5. Juni gibt es nach langer Zeit endlich das Mahnmal f\u00fcr die Opfer der NS-Homosexuellenverfolgung. Nachdem sie jahrzehntelang totgeschwiegen wurden, erfahren sie nun endlich, wenn auch sp\u00e4t, \u00f6ffentliche Anerkennung.<\/p>\n\n\n<div class=\"wp-block-image is-style-default\">\n<figure class=\"aligncenter size-large\"><img loading=\"lazy\" decoding=\"async\" width=\"819\" height=\"1024\" src=\"https:\/\/lambdanachrichten.at\/wp-content\/uploads\/2023\/08\/Petitionsstart-fuers-Leveling-up-Foto-Jakob-Koch-819x1024.jpg\" alt=\"Petitionsstart f\u00fcrs Leveling-up (Foto Jakob Koch)\" class=\"wp-image-2534\" srcset=\"https:\/\/lambdanachrichten.at\/wp-content\/uploads\/2023\/08\/Petitionsstart-fuers-Leveling-up-Foto-Jakob-Koch-819x1024.jpg 819w, https:\/\/lambdanachrichten.at\/wp-content\/uploads\/2023\/08\/Petitionsstart-fuers-Leveling-up-Foto-Jakob-Koch-240x300.jpg 240w, https:\/\/lambdanachrichten.at\/wp-content\/uploads\/2023\/08\/Petitionsstart-fuers-Leveling-up-Foto-Jakob-Koch-120x150.jpg 120w, https:\/\/lambdanachrichten.at\/wp-content\/uploads\/2023\/08\/Petitionsstart-fuers-Leveling-up-Foto-Jakob-Koch-768x960.jpg 768w, https:\/\/lambdanachrichten.at\/wp-content\/uploads\/2023\/08\/Petitionsstart-fuers-Leveling-up-Foto-Jakob-Koch-1229x1536.jpg 1229w, https:\/\/lambdanachrichten.at\/wp-content\/uploads\/2023\/08\/Petitionsstart-fuers-Leveling-up-Foto-Jakob-Koch-1200x1500.jpg 1200w, https:\/\/lambdanachrichten.at\/wp-content\/uploads\/2023\/08\/Petitionsstart-fuers-Leveling-up-Foto-Jakob-Koch.jpg 1440w\" sizes=\"auto, (max-width: 819px) 100vw, 819px\" \/><figcaption class=\"wp-element-caption\">Petitionsstart f\u00fcrs Leveling-up (Foto Jakob Koch)<\/figcaption><\/figure>\n<\/div>\n\n\n<p>Am 12. Juni startete die HOSI Wien gemeinsam mit 19 anderen LGBTIQ-Organisationen die Kampagne #SchutzF\u00fcrAlle, im Rahmen derer ein umfassendes Positionspapier vorgelegt und eine dazugeh\u00f6rige Petition gestartet wurde: https:\/\/mein.aufstehn.at\/petitions\/schutzfuralle-jetzt<\/p>\n\n\n\n<p>Am 28. Juni fand der Booktalk \u201eAnna H\u00e1jkov\u00e1 \u2013 Menschen ohne Geschichte sind Staub, Homophobie und Holocaust\u201c im Gugg statt. Dr. Anna H\u00e1jkov\u00e1, Historikerin an der University of Warwick, erz\u00e4hlt in ihrem Buch anhand der Geschichten von vier jungen Leuten von queerem Verlangen, sexueller Gewalt, selbstgew\u00e4hlten Familien und homophober Ausradierung aus der Geschichte. Ob es um queere T\u00f6ne in Anne Franks Tagebuch geht, oder H\u00e1jkov\u00e1s Freundschaft mit Margot Heumann, der ersten lesbischen Holocaust\u00fcberlebenden, die Zeugnis ablegte \u2013 Anna H\u00e1jkov\u00e1 beschreitet historisches Neuland, deckt verdr\u00e4ngte und vergessene queere Geschichten im Holocaust auf \u2013 spannend und r\u00fchrend zugleich. Einleitende Worte kamen von Dr. Andreas Kranebitter, Leiter des D\u00d6W (Dokumentationsarchiv des \u00f6sterreichischen Widerstandes).<\/p>\n\n\n\n<p>Am 10. Juni und 14. Juli war es wieder soweit: \u201eRegenbogenbogen presented by HOSI Wien\u201c. Unsere legend\u00e4re Regenbogenbogen-Party ist DER Place-to-be, wenn ihr die HOSI unterst\u00fctzen und bei g\u00fcnstigen Getr\u00e4nken und mit den besten Pride Hits mit euren liebsten Queers shaken und chillen wollt.<\/p>\n","protected":false},"excerpt":{"rendered":"<p>Ein unvollst\u00e4ndiger R\u00fcckblick Am 17. Mai nahmen wir Teil an der Demo zum IDAHOBIT, am Internationalen Tag gegen Homo-, Bi-, Inter- und Transphobie. W\u00e4hrend wir in \u00d6sterreich bei weitem noch nicht voll umfassende Gleichstellung erreicht haben und noch viele Forderungen wie den voll umfassenden Diskriminierungsschutz oder das Verbot von Konversionstherapien haben, machten wir dieses Jahr [&hellip;]<\/p>\n","protected":false},"author":64,"featured_media":2533,"comment_status":"closed","ping_status":"closed","sticky":false,"template":"","format":"standard","meta":{"footnotes":""},"categories":[16],"tags":[99],"class_list":["post-2531","post","type-post","status-publish","format-standard","has-post-thumbnail","hentry","category-community-politik","tag-lambda-192"],"_links":{"self":[{"href":"https:\/\/lambdanachrichten.at\/index.php?rest_route=\/wp\/v2\/posts\/2531","targetHints":{"allow":["GET"]}}],"collection":[{"href":"https:\/\/lambdanachrichten.at\/index.php?rest_route=\/wp\/v2\/posts"}],"about":[{"href":"https:\/\/lambdanachrichten.at\/index.php?rest_route=\/wp\/v2\/types\/post"}],"author":[{"embeddable":true,"href":"https:\/\/lambdanachrichten.at\/index.php?rest_route=\/wp\/v2\/users\/64"}],"replies":[{"embeddable":true,"href":"https:\/\/lambdanachrichten.at\/index.php?rest_route=%2Fwp%2Fv2%2Fcomments&post=2531"}],"version-history":[{"count":9,"href":"https:\/\/lambdanachrichten.at\/index.php?rest_route=\/wp\/v2\/posts\/2531\/revisions"}],"predecessor-version":[{"id":9607,"href":"https:\/\/lambdanachrichten.at\/index.php?rest_route=\/wp\/v2\/posts\/2531\/revisions\/9607"}],"wp:featuredmedia":[{"embeddable":true,"href":"https:\/\/lambdanachrichten.at\/index.php?rest_route=\/wp\/v2\/media\/2533"}],"wp:attachment":[{"href":"https:\/\/lambdanachrichten.at\/index.php?rest_route=%2Fwp%2Fv2%2Fmedia&parent=2531"}],"wp:term":[{"taxonomy":"category","embeddable":true,"href":"https:\/\/lambdanachrichten.at\/index.php?rest_route=%2Fwp%2Fv2%2Fcategories&post=2531"},{"taxonomy":"post_tag","embeddable":true,"href":"https:\/\/lambdanachrichten.at\/index.php?rest_route=%2Fwp%2Fv2%2Ftags&post=2531"}],"curies":[{"name":"wp","href":"https:\/\/api.w.org\/{rel}","templated":true}]}}