{"id":231,"date":"2020-09-04T01:00:54","date_gmt":"2020-09-04T01:00:54","guid":{"rendered":"https:\/\/staging.lambdanachrichten.at\/?p=231"},"modified":"2021-05-10T19:50:16","modified_gmt":"2021-05-10T19:50:16","slug":"viel-mehr-als-corona","status":"publish","type":"post","link":"https:\/\/lambdanachrichten.at\/?p=231","title":{"rendered":"Viel mehr als Corona"},"content":{"rendered":"\n<p class=\"has-drop-cap\">Corona ist weiterhin das dominierende Thema in \u00f6ffentlichen Medien und privaten Gespr\u00e4chen, mit all den teilweise verheerenden Auswirkungen auf Arbeit, Freizeit, Wirtschaft, Kultur, privates und \u00f6ffentliches Leben. Gleichzeitig stellt sich tats\u00e4chlich eine gewisse Routine ein, mensch gew\u00f6hnt sich ja an alles irgendwie.<\/p>\n\n\n\n<p>In Wien stehen Wahlen bevor, wie die Leser an Moritz Yvons Artikel zu den Wiener Parteien und auch an den vielen Inseraten erkennen k\u00f6nnen. Auch in dieser Wahl m\u00fcssen wir daran denken, dass der Kampf der LGBTIQ Community noch lange nicht vorbei ist, nicht in der Welt, nicht in Europa, nicht einmal in \u00d6sterreich, wie wir es erst vor wenigen Wochen wieder in Graz erleben mussten.<\/p>\n\n\n\n<p>Als Schwerpunkt werfen wir diesmal einen Blick \u00fcber Corona hinaus auf das weite Gebiet LGBTIQ Gesundheit. Gerade hier zeigen sich wieder die besonderen Umst\u00e4nde und Bed\u00fcrfnisse der LGBTIQ Community. Es gibt beeindruckende Erfolgsgeschichten von Beharrlichkeit und Aktivismus, wie die Entwicklung der AIDS Medikation in den letzten Jahrzehnten. Diese hat inzwischen zur PrEP gef\u00fchrt, einer hervorragene M\u00f6glichkeit, diese t\u00f6dliche Krankheit zu vermeiden.<\/p>\n\n\n\n<p>Doch es gibt noch viel zu tun. Insbesondere die trans*- und intergeschlechtlichen Personen m\u00fcssen sich gro\u00dfen Herausforderungen stellen, die leider zu einem guten Teil auf schlechte Ausbildung und Ausr\u00fcstung der Medizinerschaft beruhen. Ich freue mich, dass die LAMBDA wieder Gastartikel von trans* und inter* Aktivist*innen bringen kann. Die Autorinnen kommen aus verschiedenen Ecken und Vereinen und bringen so diverse Aspekte und Erfahrungen ein. Das zeigt sich auch in den Bezeichnungen, die sie f\u00fcr sich und ihre Community w\u00e4hlen &#8211; Bezeichnungen, die unterschiedliche \u00dcberlegungen, Diskussionen und (geschichtliche) Auff assungen widerspiegeln. <\/p>\n\n\n\n<p>Spannende Lekt\u00fcre!<\/p>\n","protected":false},"excerpt":{"rendered":"<p>Corona ist weiterhin das dominierende Thema in \u00f6ffentlichen Medien und privaten Gespr\u00e4chen, mit all den teilweise verheerenden Auswirkungen auf Arbeit, Freizeit, Wirtschaft, Kultur, privates und \u00f6ffentliches Leben. Gleichzeitig stellt sich tats\u00e4chlich eine gewisse Routine ein, mensch gew\u00f6hnt sich ja an alles irgendwie. In Wien stehen Wahlen bevor, wie die Leser an Moritz Yvons Artikel zu [&hellip;]<\/p>\n","protected":false},"author":3,"featured_media":518,"comment_status":"closed","ping_status":"closed","sticky":false,"template":"","format":"standard","meta":{"footnotes":""},"categories":[11],"tags":[14],"class_list":["post-231","post","type-post","status-publish","format-standard","has-post-thumbnail","hentry","category-editorial","tag-lambda-181"],"_links":{"self":[{"href":"https:\/\/lambdanachrichten.at\/index.php?rest_route=\/wp\/v2\/posts\/231","targetHints":{"allow":["GET"]}}],"collection":[{"href":"https:\/\/lambdanachrichten.at\/index.php?rest_route=\/wp\/v2\/posts"}],"about":[{"href":"https:\/\/lambdanachrichten.at\/index.php?rest_route=\/wp\/v2\/types\/post"}],"author":[{"embeddable":true,"href":"https:\/\/lambdanachrichten.at\/index.php?rest_route=\/wp\/v2\/users\/3"}],"replies":[{"embeddable":true,"href":"https:\/\/lambdanachrichten.at\/index.php?rest_route=%2Fwp%2Fv2%2Fcomments&post=231"}],"version-history":[{"count":2,"href":"https:\/\/lambdanachrichten.at\/index.php?rest_route=\/wp\/v2\/posts\/231\/revisions"}],"predecessor-version":[{"id":519,"href":"https:\/\/lambdanachrichten.at\/index.php?rest_route=\/wp\/v2\/posts\/231\/revisions\/519"}],"wp:featuredmedia":[{"embeddable":true,"href":"https:\/\/lambdanachrichten.at\/index.php?rest_route=\/wp\/v2\/media\/518"}],"wp:attachment":[{"href":"https:\/\/lambdanachrichten.at\/index.php?rest_route=%2Fwp%2Fv2%2Fmedia&parent=231"}],"wp:term":[{"taxonomy":"category","embeddable":true,"href":"https:\/\/lambdanachrichten.at\/index.php?rest_route=%2Fwp%2Fv2%2Fcategories&post=231"},{"taxonomy":"post_tag","embeddable":true,"href":"https:\/\/lambdanachrichten.at\/index.php?rest_route=%2Fwp%2Fv2%2Ftags&post=231"}],"curies":[{"name":"wp","href":"https:\/\/api.w.org\/{rel}","templated":true}]}}