{"id":2283,"date":"2023-03-03T00:21:00","date_gmt":"2023-03-02T23:21:00","guid":{"rendered":"https:\/\/lambdanachrichten.at\/?p=2283"},"modified":"2025-06-04T22:05:33","modified_gmt":"2025-06-04T20:05:33","slug":"hosi-wien-im-winter-2","status":"publish","type":"post","link":"https:\/\/lambdanachrichten.at\/?p=2283","title":{"rendered":"HOSI Wien im Winter"},"content":{"rendered":"\n<p class=\"has-drop-cap\">Am 30. November war G\u00fcnter Tolar f\u00fcr eine Lesung mit anschlie\u00dfender Diskussion zu Gast im Gugg. <\/p>\n\n\n\n<p>Am 1. Dezember, dem Welt-Aids-Tag, feierten wir die Er\u00f6ffnung des Dr.-Reinhardt-Brandst\u00e4tter-Platz. Reinhardt Brandst\u00e4tter war Mitbegr\u00fcnder der HOSI Wien und auch der \u00f6sterreichischen Aids Hilfe.<\/p>\n\n\n\n<p>Ebenfalls am 1. Dezember vertrat Ann-Sophie Otte die HOSI Wien bei der Veranstaltung \u201eLust auf Reden. Gemeinsam f\u00fcr sexuelle Gesundheit\u201c, zu der Bundesratspr\u00e4sidentin Korinna \u00adSchumann, zweite Nationalratspr\u00e4sidentin Doris Bures und die Aids Hilfe Wien gemeinsam ins Parlament eingeladen hatten.<\/p>\n\n\n<div class=\"wp-block-image is-style-default\">\n<figure class=\"aligncenter size-full\"><img loading=\"lazy\" decoding=\"async\" width=\"600\" height=\"280\" src=\"https:\/\/lambdanachrichten.at\/wp-content\/uploads\/2023\/03\/20221201_110712.jpg\" alt=\"\u201eLust auf Reden. Gemeinsam f\u00fcr sexuelle Gesundheit\u201c, Ann-Sophie Otte, Sandra Konstatzky (Gleichbehandlungsanwaltschaft), Andrea Brunner (Aids Hilfe Wien)\" class=\"wp-image-2285\" srcset=\"https:\/\/lambdanachrichten.at\/wp-content\/uploads\/2023\/03\/20221201_110712.jpg 600w, https:\/\/lambdanachrichten.at\/wp-content\/uploads\/2023\/03\/20221201_110712-300x140.jpg 300w, https:\/\/lambdanachrichten.at\/wp-content\/uploads\/2023\/03\/20221201_110712-150x70.jpg 150w\" sizes=\"auto, (max-width: 600px) 100vw, 600px\" \/><figcaption class=\"wp-element-caption\">\u201eLust auf Reden. Gemeinsam f\u00fcr sexuelle Gesundheit\u201c, Ann-Sophie Otte, Sandra Konstatzky (Gleichbehandlungsanwaltschaft), Andrea Brunner (Aids Hilfe Wien)<\/figcaption><\/figure>\n<\/div>\n\n\n<p>Am 9. Dezember luden wir dann zu unserer HOSI Weihnachtsfeier. In diesem Rahmen w\u00fcrdigten wir auch langverdiente ehrenamtliche Mitwirkende: der HOSI Wien Award 2022 ging an Brigitte Zika-Holoubek, der HOSI Wien Nachwuchspreis 2022 an Michael Kudler, und Barbara Fr\u00f6hlich wurde f\u00fcr 30 Jahre in der HOSI geehrt. F\u00fcr eine fantastische Unterhaltung sorgte unser Weihnachtskaraoke und eine Mitternachtseinlage von Frau Blau und Damn Kati.<\/p>\n\n\n\n<p>Wir hatten nat\u00fcrlich noch weitere Weihnachtsfeiern \u2013 am 15. Dezember die QYVIE Jugendgruppe und am 21. Dezember am LesBiFem-Abend. Solche Feiern kann es ja eigentlich nie genug geben. <\/p>\n\n\n\n<p>\u201eBreaking the Ice\u201c wurde am 11. Dezember im Votiv Kino projiziert, mit Freikarten f\u00fcr HOSI Wien Mitglieder. Vor diesem Film \u00fcber Eishockey, Verantwortung und die Liebe zwischen zwei jungen Frauen, gab es eine Podiumsdiskussion mit den Sportlerinnen Viktoria Schnaderbeck und Theresa Hornich sowie Regisseurin Clara Stern, moderiert von Mari Lang (ORF). Theresa Hornich wird \u00fcbrigens in dieser Lambda Ausgabe portr\u00e4tiert.<\/p>\n\n\n<div class=\"wp-block-image is-style-default\">\n<figure class=\"aligncenter size-full\"><img loading=\"lazy\" decoding=\"async\" width=\"454\" height=\"605\" src=\"https:\/\/lambdanachrichten.at\/wp-content\/uploads\/2023\/03\/Bild-20230117-193711-9fd9ac51.jpg\" alt=\"Filmvorf\u00fchrung \u201e40 Jahre Lesben*gruppe\u201c, Petra Paul, Barbara Fr\u00f6hlich, Waltraud Riegler\" class=\"wp-image-2286\" srcset=\"https:\/\/lambdanachrichten.at\/wp-content\/uploads\/2023\/03\/Bild-20230117-193711-9fd9ac51.jpg 454w, https:\/\/lambdanachrichten.at\/wp-content\/uploads\/2023\/03\/Bild-20230117-193711-9fd9ac51-225x300.jpg 225w, https:\/\/lambdanachrichten.at\/wp-content\/uploads\/2023\/03\/Bild-20230117-193711-9fd9ac51-113x150.jpg 113w\" sizes=\"auto, (max-width: 454px) 100vw, 454px\" \/><figcaption class=\"wp-element-caption\">Filmvorf\u00fchrung \u201e40 Jahre Lesben*gruppe\u201c, Petra Paul, Barbara Fr\u00f6hlich, Waltraud Riegler<\/figcaption><\/figure>\n<\/div>\n\n\n<p>Aber es gab eine noch spannendere Filmvorf\u00fchrung: am 17. J\u00e4nner zeigten wir \u201e40 JAHRE, 40 MINUTEN SICHTBAR \u2014 40 Jahre HOSI WIEN LESBEN*GRUPPE\u201c, der Film zu unserem Buch, in dem Petra Paul all diese Ereignisse sowie filmisches und fotografisches Archivmaterial der HOSI Wien zu einem wunderbaren und sehenswerten Kurzfilm verarbeitete. Anschlie\u00dfend moderierte Lisa Hermanns eine Diskussion mit drei an dieser Geschichte stark beteiligten Frauen: Waltraud Riegler, langj\u00e4hrige Obfrau der HOSI Wien, Barbara Fr\u00f6hlich, langj\u00e4hrige Referentin der Lesben*gruppe der HOSI Wien, und Petra Paul, multimediale K\u00fcnstlerin.<\/p>\n\n\n\n<p>Am 30. Dezember durfte unsere Obfrau Ann-Sophie Otte die HOSI Wien bei einer wundervollen Show im Club Couleur vorstellen. Wir freuen uns besonders, dass Grazia Patricia und METAMORKID uns dann auf dem Regenbogenball mit einem extravaganten Auftritt unterhielten.<\/p>\n\n\n\n<p>Au\u00dferdem wurde im J\u00e4nner der Salon Helga einer schon lange \u00fcberf\u00e4lligen Renovierung unterzogen. Wir k\u00f6nnen es kaum erwarten, dort viele, viele aktivistischen Aktionen zu planen.<\/p>\n\n\n\n<p>Am 20. Januar besuchten Markus Steup und Michi Redlich die HOSI Salzburg und gratulierten zur Er\u00f6ffnung ihres neuen Standorts in der Franz-Josef-Stra\u00dfe 22, mitten im Salzburger Andr\u00e4viertel.<\/p>\n\n\n\n<p>Barbara Fr\u00f6hlich und Petra Paul nahmen als Vertreterinnen der HOSI Wien bei der Holocaust Gedenkveranstaltung am Heldenplatz anl\u00e4sslich der Befreiung des Konzentrationslagers Auschwitz am 27. Januar teil. Dieses Jahr stand die Veranstaltung unter dem Motto \u201eZeitzeug:innen\u201c. #WeRemember. Die HOSI Wien beteiligte sich mit einem Filmbeitrag \u2013 Niemals vergessen! Niemals wieder! Nie wieder Auschwitz! Nie wieder Faschismus!<\/p>\n\n\n\n<p>Ebenfalls am 27. Januar nahmen Ann-Sophie Otte und Mo Blau an einem Austausch mit Regierungsparteivertreter*innen f\u00fcr LGBTIQ-Themen teil.<\/p>\n\n\n\n<p>Der 28. Januar war der sch\u00f6nste Abend der Saison: Wir feierten eine \u201eroaring\u201c Ballnacht auf dem 25. Wiener Regenbogenball, powered by L\u2019Or\u00e9al Austria Germany, im Austria Trend Parkhotel Sch\u00f6nbrunn. Wie jedes Jahr wurde der Regenbogenball durch das Engagement von Aktivist*innen und ehrenamtliche Mitarbeiter*innen der HOSI Wien m\u00f6glich gemacht, bei denen wir uns herzlich bedanken.<\/p>\n\n\n\n<p>Am 14. Februar war Valentinstag \u2013 der perfekte Tag, um die Liebe zu LGBTIQ-Aktivismus zu entdecken und sich bei unserem Kennenlern-Event im Gugg \u00fcber M\u00f6glichkeiten zur Mitarbeit in den HOSI Wien Arbeitsgruppen zu informieren.<\/p>\n\n\n\n<p>Am 23. Februar besuchte die Aids Hilfe Wien den HOSI Wien Jugendabend und boten Beratung und Tests f\u00fcr unsere jugendlichen Besucher*innen an.<\/p>\n","protected":false},"excerpt":{"rendered":"<p>Am 30. November war G\u00fcnter Tolar f\u00fcr eine Lesung mit anschlie\u00dfender Diskussion zu Gast im Gugg. Am 1. Dezember, dem Welt-Aids-Tag, feierten wir die Er\u00f6ffnung des Dr.-Reinhardt-Brandst\u00e4tter-Platz. Reinhardt Brandst\u00e4tter war Mitbegr\u00fcnder der HOSI Wien und auch der \u00f6sterreichischen Aids Hilfe. Ebenfalls am 1. Dezember vertrat Ann-Sophie Otte die HOSI Wien bei der Veranstaltung \u201eLust auf [&hellip;]<\/p>\n","protected":false},"author":64,"featured_media":2284,"comment_status":"closed","ping_status":"closed","sticky":false,"template":"","format":"standard","meta":{"footnotes":""},"categories":[16],"tags":[94],"class_list":["post-2283","post","type-post","status-publish","format-standard","has-post-thumbnail","hentry","category-community-politik","tag-lambda-190"],"_links":{"self":[{"href":"https:\/\/lambdanachrichten.at\/index.php?rest_route=\/wp\/v2\/posts\/2283","targetHints":{"allow":["GET"]}}],"collection":[{"href":"https:\/\/lambdanachrichten.at\/index.php?rest_route=\/wp\/v2\/posts"}],"about":[{"href":"https:\/\/lambdanachrichten.at\/index.php?rest_route=\/wp\/v2\/types\/post"}],"author":[{"embeddable":true,"href":"https:\/\/lambdanachrichten.at\/index.php?rest_route=\/wp\/v2\/users\/64"}],"replies":[{"embeddable":true,"href":"https:\/\/lambdanachrichten.at\/index.php?rest_route=%2Fwp%2Fv2%2Fcomments&post=2283"}],"version-history":[{"count":1,"href":"https:\/\/lambdanachrichten.at\/index.php?rest_route=\/wp\/v2\/posts\/2283\/revisions"}],"predecessor-version":[{"id":2287,"href":"https:\/\/lambdanachrichten.at\/index.php?rest_route=\/wp\/v2\/posts\/2283\/revisions\/2287"}],"wp:featuredmedia":[{"embeddable":true,"href":"https:\/\/lambdanachrichten.at\/index.php?rest_route=\/wp\/v2\/media\/2284"}],"wp:attachment":[{"href":"https:\/\/lambdanachrichten.at\/index.php?rest_route=%2Fwp%2Fv2%2Fmedia&parent=2283"}],"wp:term":[{"taxonomy":"category","embeddable":true,"href":"https:\/\/lambdanachrichten.at\/index.php?rest_route=%2Fwp%2Fv2%2Fcategories&post=2283"},{"taxonomy":"post_tag","embeddable":true,"href":"https:\/\/lambdanachrichten.at\/index.php?rest_route=%2Fwp%2Fv2%2Ftags&post=2283"}],"curies":[{"name":"wp","href":"https:\/\/api.w.org\/{rel}","templated":true}]}}