{"id":2171,"date":"2022-12-02T00:19:00","date_gmt":"2022-12-01T23:19:00","guid":{"rendered":"https:\/\/lambdanachrichten.at\/?p=2171"},"modified":"2025-06-04T22:05:47","modified_gmt":"2025-06-04T20:05:47","slug":"hosi-wien-im-herbst-2","status":"publish","type":"post","link":"https:\/\/lambdanachrichten.at\/?p=2171","title":{"rendered":"HOSI Wien im Herbst"},"content":{"rendered":"\n<h2 class=\"wp-block-heading\">Ein unvollst\u00e4ndiger R\u00fcckblick<\/h2>\n\n\n\n<p class=\"has-drop-cap\">Am 3. September fand die 42. Generalversammlung der HOSI Wien statt. \u00adMarkus Steup und Michi Redlich wurden f\u00fcr ihren au\u00dferordentlichen Verdienst um den Verein zu Ehrenmitglieder ernannt und wir haben uns bei Karl Kreipel f\u00fcr sein langj\u00e4hriges Engagement beim Regenbogenball und der Regenbogenparade bedankt.<\/p>\n\n\n\n<p>2021 feierte die HOSI-Wien-Lesben*gruppe ihr 40j\u00e4hriges Bestehen. Aus diesem Anlass entstand der Film \u201eSICHTBAR \u2013 40 Jahre HOSI-Wien-Lesben*gruppe \u2013 40 JAHRE 40 MINUTEN\u201c, der am 13. September im Gugg Premiere feierte. Petra Paul hat mit Akribie filmisches und fotografisches Archivmaterial der HOSI Wien zu einem wunderbaren und sehenswerten Film verarbeitet. Nach 40 spannende und kurzweilige Minuten lesbischer Geschichte wurde mit Sekt auf den gelungene Filmabend in nostalgischer Erinnerung angesto\u00dfen. Die Geschichte der HOSI-Wien-Lesben*gruppe stie\u00df auf reges Interesse, sodass am Mittwoch, 19. Oktober, der Film abermals gezeigt wurde. Anschlie\u00dfend gab es eine Podiumsdiskussion mit der langj\u00e4hrigen Referentin der HOSI-Wien-Lesben*gruppe, Barbara \u00adFr\u00f6hlich, sowie der multimedialen K\u00fcnstlerin Petra Paul. Wer nun Lust hat, den Film zu sehen: Am 17. J\u00e4nner gibt es im Gugg die n\u00e4chste Gelegenheit.<\/p>\n\n\n\n<p>Am 15. September nutzten wir unser Recht zur freien Versammlung, um vor der Serbischen Botschaft gegen das (damals ausgesprochene) Verbot der EuroPride Belgrad zu demonstrieren. Das Recht auf friedliche Versammlung ist und bleibt ein Menschenrecht. Letztlich konnte die EuroPride Belgrad doch stattfinden.<\/p>\n\n\n\n<p>HOSI Wien Generalsekret\u00e4r Peter Funk nahm am 23. September an der Konferenz \u201eGemeinsam gegen Hass\u201c teil und diskutierte mit vielen anderen Expert*innen \u00fcber wichtige Themen, wie zum Beispiel einen nationalen Aktionsplan gegen Hasskriminalit\u00e4t.<\/p>\n\n\n\n<p>In den drei Tagen vom 30. September &#8211; 2. Oktober arbeitete der Vorstand der HOSI Wien auf seiner j\u00e4hrlichen Klausur flei\u00dfig an neuen Events, dem kommenden Vereinsjahr und unserer Vereinskultur.<\/p>\n\n\n<div class=\"wp-block-image is-style-default\">\n<figure class=\"aligncenter size-large\"><img loading=\"lazy\" decoding=\"async\" width=\"768\" height=\"1024\" src=\"https:\/\/lambdanachrichten.at\/wp-content\/uploads\/2022\/11\/Buchschrank-2-768x1024.jpg\" alt=\"Einweihung des neuen Gedenkorts und offenen B\u00fccherschrank am Heinz-Heger Park; vlnr: Mo Blau, Barbara Fr\u00f6hlich, Ann-Sophie Otte\" class=\"wp-image-2173\" srcset=\"https:\/\/lambdanachrichten.at\/wp-content\/uploads\/2022\/11\/Buchschrank-2-768x1024.jpg 768w, https:\/\/lambdanachrichten.at\/wp-content\/uploads\/2022\/11\/Buchschrank-2-225x300.jpg 225w, https:\/\/lambdanachrichten.at\/wp-content\/uploads\/2022\/11\/Buchschrank-2-113x150.jpg 113w, https:\/\/lambdanachrichten.at\/wp-content\/uploads\/2022\/11\/Buchschrank-2-1152x1536.jpg 1152w, https:\/\/lambdanachrichten.at\/wp-content\/uploads\/2022\/11\/Buchschrank-2.jpg 1200w\" sizes=\"auto, (max-width: 768px) 100vw, 768px\" \/><figcaption class=\"wp-element-caption\">Einweihung des neuen Gedenkorts und offenen B\u00fccherschrank am Heinz-Heger Park; vlnr: Mo Blau, Barbara Fr\u00f6hlich, Ann-Sophie Otte<\/figcaption><\/figure>\n<\/div>\n\n\n<p>Am 5. Oktober durften wir gemeinsam mit Kulturstadtr\u00e4tin \u00adVeronica Kaup-Hasler, der Bezirksvorsteherin des 9. Bezirks Saya Ahmad, QWien, weiteren Community-Vertreter*innen und Interessierten den neuen Gedenkort an die homosexuellen Opfer des Nazi-Regimes und offenen B\u00fccherschrank am Heinz-\u00adHeger-Park einweihen.<\/p>\n\n\n\n<p>HOSI Wien Referent f\u00fcr Internationales Peter Funk hat am Annual General Meeting der EPOA teilgenommen (7.-9- Oktober). Mehr als 150 Mitglieder waren daf\u00fcr in Turin und die EuroPride 2025 wurde an Lissabon vergeben<\/p>\n\n\n\n<p>HOSI Wien Jugendreferent*in Nelly L\u00f6tsch hat uns am Wochenende auf der Annual Members Conference der IGLYO in Br\u00fcssel vertreten. IGLYO ist die weltweit gr\u00f6\u00dfte LGBTIQ-\u00adJugendorganisation mit mehr als 100 Mitgliedsorganisationen in \u00fcber 40 L\u00e4ndern. <\/p>\n\n\n\n<p>Am 14. Oktober nahmen wir an der Gedenkfeier zu dem Anschlag in Bratislava teil. Es war sehr bewegend zu sehen, wie viele Menschen gemeinsam trauerten, ihr Beileid bekundeten und vor allem gegen Gewalt und Hass auf die Stra\u00dfe gingen.<\/p>\n\n\n<div class=\"wp-block-image is-style-default\">\n<figure class=\"aligncenter size-large\"><img loading=\"lazy\" decoding=\"async\" width=\"1024\" height=\"462\" src=\"https:\/\/lambdanachrichten.at\/wp-content\/uploads\/2022\/11\/BuchuebergabeanKroymann2-1024x462.jpg\" alt=\"\u00dcberreichung von \u201cSICHTBAR\u201d an Maren Kroyman (r) durch Petra M. Springer (l)\" class=\"wp-image-2174\" srcset=\"https:\/\/lambdanachrichten.at\/wp-content\/uploads\/2022\/11\/BuchuebergabeanKroymann2-1024x462.jpg 1024w, https:\/\/lambdanachrichten.at\/wp-content\/uploads\/2022\/11\/BuchuebergabeanKroymann2-300x135.jpg 300w, https:\/\/lambdanachrichten.at\/wp-content\/uploads\/2022\/11\/BuchuebergabeanKroymann2-150x68.jpg 150w, https:\/\/lambdanachrichten.at\/wp-content\/uploads\/2022\/11\/BuchuebergabeanKroymann2-768x346.jpg 768w, https:\/\/lambdanachrichten.at\/wp-content\/uploads\/2022\/11\/BuchuebergabeanKroymann2-1536x693.jpg 1536w, https:\/\/lambdanachrichten.at\/wp-content\/uploads\/2022\/11\/BuchuebergabeanKroymann2-1200x541.jpg 1200w, https:\/\/lambdanachrichten.at\/wp-content\/uploads\/2022\/11\/BuchuebergabeanKroymann2.jpg 1734w\" sizes=\"auto, (max-width: 1024px) 100vw, 1024px\" \/><figcaption class=\"wp-element-caption\">\u00dcberreichung von \u201cSICHTBAR\u201d an Maren Kroyman (r) durch Petra M. Springer (l)<\/figcaption><\/figure>\n<\/div>\n\n\n<p>Am 8. November wurde im Filmcasino \u201eElfriede Jelinek \u2013 Die Sprache von der Leine\u201c lassen gezeigt \u2013 mehr dazu im Bericht zur Viennale 2022 in dieser Ausgabe. Unter anderem wirkte Maren Kroymann in dem Film mit. Die Schauspielerin, Kabarettistin und S\u00e4ngerin hat sich 1993 als eine der ersten lesbischen Schauspielerinnen im Stern geoutet und hat das Manifest #ActOut, ein kollektives Coming-out von 185 deutschen Schauspieler:innen im Februar 2021 im Magazin der S\u00fcddeutschen Zeitung, mitunterzeichnet. Petra M. Springer nutzte die Gelegenheit und \u00fcberreichte Maren Kroymann das Buch \u201eSICHTBAR\u201c, das anl\u00e4sslich des 40j\u00e4hrigen Bestehens der HOSI-Wien-Lesben*gruppe entstanden ist.<\/p>\n\n\n\n<p>Am 10. November hielt Brigitte Zika-Holoubek vom Names Project Wien einen Workshop am Jugendabend ab. Die jungen Teilnehmer*innen zeigten sich sehr interessiert an diesem wichtigen Projekt des Gedenkens an Menschen, die an den Folgen von AIDS gestorben sind.<\/p>\n\n\n\n<p>Am 12. November besprachen die Mitglieder des Organisationsteams der Regenbogenparade in einer Klausur die Planung f\u00fcr die kommende Parade, die am 17. Juni 2023 stattfinden wird.<\/p>\n\n\n\n<p>Am 17. November war die Aids Hilfe Wien zu Besuch am Jugendabend und besprach in einem Workshop Themen der sexuellen Gesundheit.<\/p>\n\n\n\n<p>Am 18. November waren wir eingeladen, im Zuge der internationalen Trans Awareness Week an einem neuen Trans-Schutzweg zwischen MQ und Volkstheater mitzuspachteln.<\/p>\n\n\n\n<p>Am 20. November fand eine Demonstration zum Transgender Day of Remembrance statt, mitorganisiert von der HOSI Wien.<\/p>\n\n\n\n<p>Und dann hatten wir noch viel Spa\u00df, zum Beispiel am 23. September in unserem Regenbogen-Bogen, bei der Halloween Dragshow mit Moderation durch Frau Blau am Jugendabend am 27. Oktober, beim HOSI Wien Kinoabend \u201eEismayer\u201c am 2. November, und bei der Filmvorf\u00fchrung von \u201efemale to WTF\u201c am 22. November, bei der die HOSI Wien Mitorganisatorin war.<\/p>\n","protected":false},"excerpt":{"rendered":"<p>Ein unvollst\u00e4ndiger R\u00fcckblick Am 3. September fand die 42. Generalversammlung der HOSI Wien statt. \u00adMarkus Steup und Michi Redlich wurden f\u00fcr ihren au\u00dferordentlichen Verdienst um den Verein zu Ehrenmitglieder ernannt und wir haben uns bei Karl Kreipel f\u00fcr sein langj\u00e4hriges Engagement beim Regenbogenball und der Regenbogenparade bedankt. 2021 feierte die HOSI-Wien-Lesben*gruppe ihr 40j\u00e4hriges Bestehen. Aus [&hellip;]<\/p>\n","protected":false},"author":64,"featured_media":2172,"comment_status":"closed","ping_status":"closed","sticky":false,"template":"","format":"standard","meta":{"footnotes":""},"categories":[16],"tags":[92],"class_list":["post-2171","post","type-post","status-publish","format-standard","has-post-thumbnail","hentry","category-community-politik","tag-lambda-189"],"_links":{"self":[{"href":"https:\/\/lambdanachrichten.at\/index.php?rest_route=\/wp\/v2\/posts\/2171","targetHints":{"allow":["GET"]}}],"collection":[{"href":"https:\/\/lambdanachrichten.at\/index.php?rest_route=\/wp\/v2\/posts"}],"about":[{"href":"https:\/\/lambdanachrichten.at\/index.php?rest_route=\/wp\/v2\/types\/post"}],"author":[{"embeddable":true,"href":"https:\/\/lambdanachrichten.at\/index.php?rest_route=\/wp\/v2\/users\/64"}],"replies":[{"embeddable":true,"href":"https:\/\/lambdanachrichten.at\/index.php?rest_route=%2Fwp%2Fv2%2Fcomments&post=2171"}],"version-history":[{"count":1,"href":"https:\/\/lambdanachrichten.at\/index.php?rest_route=\/wp\/v2\/posts\/2171\/revisions"}],"predecessor-version":[{"id":2175,"href":"https:\/\/lambdanachrichten.at\/index.php?rest_route=\/wp\/v2\/posts\/2171\/revisions\/2175"}],"wp:featuredmedia":[{"embeddable":true,"href":"https:\/\/lambdanachrichten.at\/index.php?rest_route=\/wp\/v2\/media\/2172"}],"wp:attachment":[{"href":"https:\/\/lambdanachrichten.at\/index.php?rest_route=%2Fwp%2Fv2%2Fmedia&parent=2171"}],"wp:term":[{"taxonomy":"category","embeddable":true,"href":"https:\/\/lambdanachrichten.at\/index.php?rest_route=%2Fwp%2Fv2%2Fcategories&post=2171"},{"taxonomy":"post_tag","embeddable":true,"href":"https:\/\/lambdanachrichten.at\/index.php?rest_route=%2Fwp%2Fv2%2Ftags&post=2171"}],"curies":[{"name":"wp","href":"https:\/\/api.w.org\/{rel}","templated":true}]}}