{"id":2080,"date":"2022-09-02T00:26:00","date_gmt":"2022-09-01T22:26:00","guid":{"rendered":"https:\/\/lambdanachrichten.at\/?p=2080"},"modified":"2022-09-02T08:26:24","modified_gmt":"2022-09-02T06:26:24","slug":"mutwillige-ignoranz","status":"publish","type":"post","link":"https:\/\/lambdanachrichten.at\/?p=2080","title":{"rendered":"Mutwillige Ignoranz"},"content":{"rendered":"\n<h2 class=\"wp-block-heading\">Das Gesundheitsministerium und Minister Johannes Rauch wieder\u00adholen beim Affenpocken-\u00adManagement alle Fehler von Corona<\/h2>\n\n\n\n<p class=\"has-drop-cap\">Wir haben eh nur so ca. 135 F\u00e4lle. Also, hatten wir noch gegen Ende Juli\/Anfang August. Inzwischen sind wir bei ca. 200 (Redaktionsschluss der Lambda, also Mitte August). Nein, nicht Corona-Infektionen, die sind nicht pl\u00f6tzlich auf so niedrige Zahlen zur\u00fcckgegangen, sondern die neu auftretenden Affenpocken. Womit offensichtlich ist, wie schnell sie sich verbreiten. Mit m\u00f6glicherweise verheerenden Folgen, wenn man sich international umsieht: Die USA hatten Mitte Juni selbst noch landesweit rund 135 F\u00e4lle, also so wie wir vor kurzem, doch keine zwei Monate und mehrere tausend F\u00e4lle sp\u00e4ter haben mehrere Bundesstaaten den Notstand wegen der Affenpocken ausrufen m\u00fcssen.<\/p>\n\n\n\n<p>Man k\u00f6nnte daraus ja lernen, wenn man denn wollte. Gesundheitsminister Johannes Rauch aber meinte noch Anfang August, wir h\u00e4tten eh so wenig F\u00e4lle in \u00d6sterreich. Und von dieser mutwilligen Ignoranz ist das gesamte Affenpocken-Management des Gesundheitsministerium gepr\u00e4gt. Wir haben das enorme Gl\u00fcck, anders als bei Corona, dass es bereits einen gut wirksamen und erprobten Impfstoff gegen die Affenpocken gibt, n\u00e4mlich den klassischen Pocken-Impfstoff. Also, wir k\u00f6nnten dieses Gl\u00fcck haben. Haben wir aber nicht. Denn das Gesundheitsministerium hat sich der gemeinsamen Beschaffung dieses Impfstoffs \u00fcber die EU angeschlossen, wovon \u00d6sterreich nur rund 4.400 Impfdosen bekommt. Davon k\u00f6nnen aber nur Labormitarbeiter*innen geimpft werden, die selbst mit dem Virus zu tun haben, und solche Personen, die selbst einen Risikokontakt mit einem bereits infizierten Menschen hatten (da wirkt der Impfstoff n\u00e4mlich immer noch). Wer sich sonst impfen lassen will, etwa zur Vorsorge? Hat in \u00d6sterreich Pech gehabt.<\/p>\n\n\n\n<p>Dabei ist es nicht die Schuld von Rauch, dass \u00d6sterreich zu wenig Impfstoff \u00fcber die EU bekommt. Sehr wohl ist es aber seine Verantwortung, dass \u00d6sterreich keinen zus\u00e4tzlichen Impfstoff kauft. Deutschland hat etwa, zus\u00e4tzlich zu seinem Kontingent aus der EU, 100.000 Impfdosen bestellt \u2013 im Verh\u00e4ltnis zur Bev\u00f6lkerungszahl m\u00fcssten das bei uns also etwas mehr als 10.000 sein. Mit anderen Worten: Wer sich sch\u00fctzen will, wird allein gelassen. Kein Wunder, dass in den Sozialen Medien immer h\u00e4ufiger Menschen posten, dass sie sich ihre Affenpocken-Impfung im Ausland geholt haben. Da fragt man sich, wozu \u00d6sterreich \u00fcberhaupt einen Gesundheitsminister braucht, wenn seine einzige Kompetenz darin besteht, die EU-Bestellung hier verteilen zu lassen.<\/p>\n\n\n\n<p>Er schafft es ja noch nicht einmal, f\u00fcr ordentliche Aufkl\u00e4rung zu sorgen. Es gibt keine Informationskampagne des Ministeriums, die die Risikogruppen erreichen k\u00f6nnte. Die Informationsmaterialien, die es gibt, sind in medizinischer Fachsprache aufbereitet und \u2013 wieso sollte man auch aus Corona gelernt haben? \u2013 nat\u00fcrlich nur auf Deutsch vorhanden. Da ist es nur noch das sprichw\u00f6rtliche T\u00fcpfelchen auf dem i, dass Minister Rauch selbst falsche Eindr\u00fccke erweckt. Gegen\u00fcber dem \u201eStandard\u201c sagte er, ein Teil dessen, was die Regierung gegen die Stigmatisierung von Affenpocken-Risikogruppen t\u00e4te, w\u00e4ren \u201evorbeugende Impfungen\u201c. Wobei ein*e durchschnittlich*e Leser*in nat\u00fcrlich von einer Schutzimpfung vor einem Risikokontakt ausgeht, nicht von einer blo\u00dfen Notfallma\u00dfnahme danach, die mit Vorbeugung circa so viel zu tun hat wie die Pille danach mit Verh\u00fctung.<\/p>\n\n\n\n<p>Apropos Stigmatisierung: Derzeit passieren die allermeisten \u00dcbertragungen von Affenpocken bei M\u00e4nnern, die Sex mit M\u00e4nnern haben. Allerdings ist das kein Grund f\u00fcr Heteros oder Frauen, sich in Sicherheit zu wiegen, denn die Infektion hat nichts mit sexueller Orientierung, Geschlecht oder Sexualpraktik zu tun, sondern blo\u00df mit der H\u00e4ufigkeit von Risikokontakten. Es handelt sich dabei auch nicht um eine ausschlie\u00dflich sexuell \u00fcbertragbare Krankheit, schon enger K\u00f6rperkontakt beim Tanzen kann f\u00fcr eine Ansteckung reichen. Die Vermutung liegt also nahe, dass sie \u00fcber kurz oder lang auch in der Mehrheitsbev\u00f6lkerung grassieren wird. Wichtig ist jedenfalls: Wenn man Symptome hat, schnell zu einer \u00e4rztlichen Untersuchung! Von der Regierung haben wir bisher nichts zu erwarten. \u2655<\/p>\n","protected":false},"excerpt":{"rendered":"<p>Das Gesundheitsministerium und Minister Johannes Rauch wieder\u00adholen beim Affenpocken-\u00adManagement alle Fehler von Corona Wir haben eh nur so ca. 135 F\u00e4lle. Also, hatten wir noch gegen Ende Juli\/Anfang August. Inzwischen sind wir bei ca. 200 (Redaktionsschluss der Lambda, also Mitte August). Nein, nicht Corona-Infektionen, die sind nicht pl\u00f6tzlich auf so niedrige Zahlen zur\u00fcckgegangen, sondern die [&hellip;]<\/p>\n","protected":false},"author":18,"featured_media":2082,"comment_status":"closed","ping_status":"closed","sticky":false,"template":"","format":"standard","meta":{"footnotes":""},"categories":[16],"tags":[90],"class_list":["post-2080","post","type-post","status-publish","format-standard","has-post-thumbnail","hentry","category-community-politik","tag-lambda-188"],"_links":{"self":[{"href":"https:\/\/lambdanachrichten.at\/index.php?rest_route=\/wp\/v2\/posts\/2080","targetHints":{"allow":["GET"]}}],"collection":[{"href":"https:\/\/lambdanachrichten.at\/index.php?rest_route=\/wp\/v2\/posts"}],"about":[{"href":"https:\/\/lambdanachrichten.at\/index.php?rest_route=\/wp\/v2\/types\/post"}],"author":[{"embeddable":true,"href":"https:\/\/lambdanachrichten.at\/index.php?rest_route=\/wp\/v2\/users\/18"}],"replies":[{"embeddable":true,"href":"https:\/\/lambdanachrichten.at\/index.php?rest_route=%2Fwp%2Fv2%2Fcomments&post=2080"}],"version-history":[{"count":1,"href":"https:\/\/lambdanachrichten.at\/index.php?rest_route=\/wp\/v2\/posts\/2080\/revisions"}],"predecessor-version":[{"id":2081,"href":"https:\/\/lambdanachrichten.at\/index.php?rest_route=\/wp\/v2\/posts\/2080\/revisions\/2081"}],"wp:featuredmedia":[{"embeddable":true,"href":"https:\/\/lambdanachrichten.at\/index.php?rest_route=\/wp\/v2\/media\/2082"}],"wp:attachment":[{"href":"https:\/\/lambdanachrichten.at\/index.php?rest_route=%2Fwp%2Fv2%2Fmedia&parent=2080"}],"wp:term":[{"taxonomy":"category","embeddable":true,"href":"https:\/\/lambdanachrichten.at\/index.php?rest_route=%2Fwp%2Fv2%2Fcategories&post=2080"},{"taxonomy":"post_tag","embeddable":true,"href":"https:\/\/lambdanachrichten.at\/index.php?rest_route=%2Fwp%2Fv2%2Ftags&post=2080"}],"curies":[{"name":"wp","href":"https:\/\/api.w.org\/{rel}","templated":true}]}}