{"id":1901,"date":"2022-06-03T00:08:00","date_gmt":"2022-06-02T22:08:00","guid":{"rendered":"https:\/\/lambdanachrichten.at\/?p=1901"},"modified":"2022-05-25T23:14:25","modified_gmt":"2022-05-25T21:14:25","slug":"queere-menschen-in-auschwitz","status":"publish","type":"post","link":"https:\/\/lambdanachrichten.at\/?p=1901","title":{"rendered":"Queere Menschen in Auschwitz"},"content":{"rendered":"\n<p class=\"has-drop-cap\">Es ist dem Querverlag und den Herausgeber*innen zu danken, dass dieses Buch erschienen ist. Darin geht es um das Gedenken und die Erinnerung an sexuelle Minderheiten im ehemaligen Konzentrationslager Auschwitz. Das Konzentrationslager Auschwitz-Birkenau war das gr\u00f6\u00dfte Vernichtungslager im Nationalsozialismus. In Deutschland und in \u00d6sterreich hat es lange gedauert, bis in vielen Gedenkst\u00e4tten von ehemaligen Konzentrationslagern auch an das Leid von homosexuellen Menschen erinnert wird. Dazu haben vor allem LGBTIQ*-Organisationen beigetragen. Ihre Bem\u00fchungen sorgten oft f\u00fcr Widerstand, doch schlie\u00dflich konnten sie ihr Ziel erreichen. In der Gedenkst\u00e4tte des staatlichen Museums von Auschwitz-Birkenau jedoch erinnert bis heute nichts an das Leid von homosexuellen Menschen. Nun haben sich Historiker*innen aus Polen und Deutschland organisiert, um dieses Buch zu ver\u00f6ffentlichen. Zu Beginn betonen die Herausgeber*innen, dass jeder Mensch z\u00e4hlt und dass Minderheiten nicht gegeneinander aufgebracht werden sollen. Dies ist leider in den meisten Konzentrationslagern geschehen, wo Angeh\u00f6rige sexueller Minderheiten als am \u201eniedrigsten\u201c angesehen und von vielen Mitgefangenen so behandelt wurden. In dem Buch \u00fcbernehmen die Forscher*innen nicht die heteronormativen Definitionen der Nazis. Denn offiziell haben die Nazis nur M\u00e4nner nach Paragraph 175 verurteilt (in \u00d6sterreich war die Situation anders). Doch tats\u00e4chlich wurden auch Frauen, trans*Personen und andere sexuelle und geschlechtliche Minderheiten verfolgt. Sie wurden nach anderen Gesetzen als \u201eAsoziale\u201c oder \u201eKriminelle\u201c bestraft, viele von ihnen wurden ermordet. Hinzu kommt, dass zahlreiche homosexuelle Menschen als j\u00fcdisch ins Konzentrationslager deportiert wurden, aber doch war Homosexualit\u00e4t Teil ihrer Identit\u00e4t.<\/p>\n\n\n\n<p><em>Joanna Ostrowska, Joanna Talewicz-Kwiatkowska, Lutz van Dijk (Hrsg.): Erinnern in Auschwitz. Querverlag, Berlin 2020.<\/em><\/p>\n","protected":false},"excerpt":{"rendered":"<p>Es ist dem Querverlag und den Herausgeber*innen zu danken, dass dieses Buch erschienen ist. Darin geht es um das Gedenken und die Erinnerung an sexuelle Minderheiten im ehemaligen Konzentrationslager Auschwitz. Das Konzentrationslager Auschwitz-Birkenau war das gr\u00f6\u00dfte Vernichtungslager im Nationalsozialismus. In Deutschland und in \u00d6sterreich hat es lange gedauert, bis in vielen Gedenkst\u00e4tten von ehemaligen Konzentrationslagern [&hellip;]<\/p>\n","protected":false},"author":7,"featured_media":1895,"comment_status":"closed","ping_status":"closed","sticky":false,"template":"","format":"standard","meta":{"footnotes":""},"categories":[23],"tags":[24,89],"class_list":["post-1901","post","type-post","status-publish","format-standard","has-post-thumbnail","hentry","category-kultur","tag-buecher","tag-lambda-187"],"_links":{"self":[{"href":"https:\/\/lambdanachrichten.at\/index.php?rest_route=\/wp\/v2\/posts\/1901","targetHints":{"allow":["GET"]}}],"collection":[{"href":"https:\/\/lambdanachrichten.at\/index.php?rest_route=\/wp\/v2\/posts"}],"about":[{"href":"https:\/\/lambdanachrichten.at\/index.php?rest_route=\/wp\/v2\/types\/post"}],"author":[{"embeddable":true,"href":"https:\/\/lambdanachrichten.at\/index.php?rest_route=\/wp\/v2\/users\/7"}],"replies":[{"embeddable":true,"href":"https:\/\/lambdanachrichten.at\/index.php?rest_route=%2Fwp%2Fv2%2Fcomments&post=1901"}],"version-history":[{"count":1,"href":"https:\/\/lambdanachrichten.at\/index.php?rest_route=\/wp\/v2\/posts\/1901\/revisions"}],"predecessor-version":[{"id":1903,"href":"https:\/\/lambdanachrichten.at\/index.php?rest_route=\/wp\/v2\/posts\/1901\/revisions\/1903"}],"wp:featuredmedia":[{"embeddable":true,"href":"https:\/\/lambdanachrichten.at\/index.php?rest_route=\/wp\/v2\/media\/1895"}],"wp:attachment":[{"href":"https:\/\/lambdanachrichten.at\/index.php?rest_route=%2Fwp%2Fv2%2Fmedia&parent=1901"}],"wp:term":[{"taxonomy":"category","embeddable":true,"href":"https:\/\/lambdanachrichten.at\/index.php?rest_route=%2Fwp%2Fv2%2Fcategories&post=1901"},{"taxonomy":"post_tag","embeddable":true,"href":"https:\/\/lambdanachrichten.at\/index.php?rest_route=%2Fwp%2Fv2%2Ftags&post=1901"}],"curies":[{"name":"wp","href":"https:\/\/api.w.org\/{rel}","templated":true}]}}