{"id":1834,"date":"2022-03-04T00:23:00","date_gmt":"2022-03-03T23:23:00","guid":{"rendered":"https:\/\/lambdanachrichten.at\/?p=1834"},"modified":"2025-06-04T22:06:19","modified_gmt":"2025-06-04T20:06:19","slug":"hosi-wien-im-winter","status":"publish","type":"post","link":"https:\/\/lambdanachrichten.at\/?p=1834","title":{"rendered":"HOSI Wien im Winter"},"content":{"rendered":"\n<h2 class=\"wp-block-heading\">Ein unvollst\u00e4ndiger R\u00fcckblick<\/h2>\n\n\n\n<p class=\"has-drop-cap\">Am 12. Januar fand das zweite Treffen zum im letzten Jahr gestarteten Dialogprozess mit dem \u00f6sterreichischen Bundesheer statt. Nach einer umfassenden Erhebung der Situation von LGBTIQ-Personen im Bundesheer wurden nun diese und m\u00f6gliche Ma\u00dfnahmen zur Verbesserung diskutiert. Was davon tats\u00e4chlich von den oberen Entscheidungstr\u00e4ger*innen angenommen und umgesetzt wird, wird uns bei den n\u00e4chsten Treffen besch\u00e4ftigen\u2026<\/p>\n\n\n\n<p>Ende Januar besuchte eine kleine Delegation der HOSI Wien  Pride Budapest. In einem informellen Austausch sprachen wir mit M\u00e1t\u00e9 und Viki \u00fcber Projekte und Organisationserfahrungen.<\/p>\n\n\n\n<p>Der Regenbogenball hingegen wurde von Ende Januar auf Mitte Mai verschoben: Am 21. Mai werden wir nun sozusagen in den Pride Monat Juni hineintanzen. Aber etwas Party gab es trotzdem: am 15 Januar hatten wir im Gugg unsere Neujahrsfeier, die ja eigentlich auch eine verschobene Weihnachtsfeier war. So l\u00e4\u00dft sich doch immer wieder etwas Spa\u00df finden.<\/p>\n\n\n\n<p>Am  18. Februar fand der HOSI Wien Kinoabend statt. Im Schikaneder Kino wurde \u201eGro\u00dfe Freiheit\u201c gezeigt &#8211; mit freiem Eintritt f\u00fcr HOSI Wien Mitglieder. Der Film erz\u00e4hlt die Geschichte der Beziehung, wom\u00f6glich sogar Liebe, zweier M\u00e4nner im Nachkriegsdeutschland, als der Paragraph 175 noch in Kraft war. Anschlie\u00dfend konnte man den Abend noch gem\u00fctlich in der Schikaneder Bar ausklingen lassen.<\/p>\n\n\n\n<div class=\"wp-block-image is-style-default\"><figure class=\"aligncenter size-large\"><img loading=\"lazy\" decoding=\"async\" width=\"1024\" height=\"683\" src=\"https:\/\/lambdanachrichten.at\/wp-content\/uploads\/2022\/03\/Pettinger-1024x683.jpg\" alt=\"\" class=\"wp-image-1835\" srcset=\"https:\/\/lambdanachrichten.at\/wp-content\/uploads\/2022\/03\/Pettinger-1024x683.jpg 1024w, https:\/\/lambdanachrichten.at\/wp-content\/uploads\/2022\/03\/Pettinger-300x200.jpg 300w, https:\/\/lambdanachrichten.at\/wp-content\/uploads\/2022\/03\/Pettinger-150x100.jpg 150w, https:\/\/lambdanachrichten.at\/wp-content\/uploads\/2022\/03\/Pettinger-768x512.jpg 768w, https:\/\/lambdanachrichten.at\/wp-content\/uploads\/2022\/03\/Pettinger-1536x1024.jpg 1536w, https:\/\/lambdanachrichten.at\/wp-content\/uploads\/2022\/03\/Pettinger-1200x800.jpg 1200w, https:\/\/lambdanachrichten.at\/wp-content\/uploads\/2022\/03\/Pettinger-1980x1320.jpg 1980w, https:\/\/lambdanachrichten.at\/wp-content\/uploads\/2022\/03\/Pettinger.jpg 2048w\" sizes=\"auto, (max-width: 1024px) 100vw, 1024px\" \/><figcaption>J\u00fcrgen Pettinger<\/figcaption><\/figure><\/div>\n\n\n\n<p>J\u00fcrgen Pettinger stellte sein Buch \u201eFranz. Schwul unterm Hakenkreuz\u201c in einer Lesung am 28. Februar im Gugg vor, mit anschlie\u00dfender Diskussion. Franz Doms ist eines der vergessenen Opfer der NS-Justiz. Wie tausende andere schwule M\u00e4nner wurde er verfolgt, diskriminiert, inhaftiert und schlie\u00dflich zum Tode verurteilt. Doch Pettingers Zugang ist mehr als eine blo\u00dfe Rekonstruktion der Fakten. Er taucht tief in die Welt Franz Doms\u2019 ein und zeichnet dessen letzte Lebensjahre auf intime und packende Weise nach. Zu dem Buch schrieb Christian H\u00f6ller in seiner Rezension in der letzten Ausgabe der Lambda, #4\/2021: \u201eBeim Lesen k\u00f6nnen die Tr\u00e4nen kommen.\u201c<\/p>\n\n\n\n<div class=\"wp-block-image is-style-default\"><figure class=\"aligncenter size-large\"><img loading=\"lazy\" decoding=\"async\" width=\"768\" height=\"1024\" src=\"https:\/\/lambdanachrichten.at\/wp-content\/uploads\/2022\/03\/signal-2022-02-18-205335_002-768x1024.jpeg\" alt=\"\" class=\"wp-image-1837\" srcset=\"https:\/\/lambdanachrichten.at\/wp-content\/uploads\/2022\/03\/signal-2022-02-18-205335_002-768x1024.jpeg 768w, https:\/\/lambdanachrichten.at\/wp-content\/uploads\/2022\/03\/signal-2022-02-18-205335_002-225x300.jpeg 225w, https:\/\/lambdanachrichten.at\/wp-content\/uploads\/2022\/03\/signal-2022-02-18-205335_002-113x150.jpeg 113w, https:\/\/lambdanachrichten.at\/wp-content\/uploads\/2022\/03\/signal-2022-02-18-205335_002-1152x1536.jpeg 1152w, https:\/\/lambdanachrichten.at\/wp-content\/uploads\/2022\/03\/signal-2022-02-18-205335_002.jpeg 1200w\" sizes=\"auto, (max-width: 768px) 100vw, 768px\" \/><figcaption>Bald ist es soweit in Margarethen: Der Helga-Pankratz-Platz kommt. (HOSI Wien, SoHo Wien Silvia Jankovic, Bezirksvorsteherin Margareten; 15 Juni 2021)<\/figcaption><\/figure><\/div>\n\n\n\n<p>Und ganz am Schluss noch eine Vorschau: Am 29.  April ist es soweit: der Helga-Pankratz-Platz wird in Margarethen eingeweiht. Helga Pankratz war Mitbegr\u00fcnderin der HOSI Wien Lesben*gruppe und unserer Jugendgruppe, Obfrau von 2001-2004 und dar\u00fcber hinaus eine \u201eVorreiterin auf einem bockigen Pferd\u201c, so der Titel ihres Portr\u00e4t in der letzten Ausgabe der Lambda (#4\/2021).<\/p>\n","protected":false},"excerpt":{"rendered":"<p>Ein unvollst\u00e4ndiger R\u00fcckblick Am 12. Januar fand das zweite Treffen zum im letzten Jahr gestarteten Dialogprozess mit dem \u00f6sterreichischen Bundesheer statt. Nach einer umfassenden Erhebung der Situation von LGBTIQ-Personen im Bundesheer wurden nun diese und m\u00f6gliche Ma\u00dfnahmen zur Verbesserung diskutiert. Was davon tats\u00e4chlich von den oberen Entscheidungstr\u00e4ger*innen angenommen und umgesetzt wird, wird uns bei den [&hellip;]<\/p>\n","protected":false},"author":64,"featured_media":1836,"comment_status":"closed","ping_status":"closed","sticky":false,"template":"","format":"standard","meta":{"footnotes":""},"categories":[16],"tags":[87],"class_list":["post-1834","post","type-post","status-publish","format-standard","has-post-thumbnail","hentry","category-community-politik","tag-lambda-186"],"_links":{"self":[{"href":"https:\/\/lambdanachrichten.at\/index.php?rest_route=\/wp\/v2\/posts\/1834","targetHints":{"allow":["GET"]}}],"collection":[{"href":"https:\/\/lambdanachrichten.at\/index.php?rest_route=\/wp\/v2\/posts"}],"about":[{"href":"https:\/\/lambdanachrichten.at\/index.php?rest_route=\/wp\/v2\/types\/post"}],"author":[{"embeddable":true,"href":"https:\/\/lambdanachrichten.at\/index.php?rest_route=\/wp\/v2\/users\/64"}],"replies":[{"embeddable":true,"href":"https:\/\/lambdanachrichten.at\/index.php?rest_route=%2Fwp%2Fv2%2Fcomments&post=1834"}],"version-history":[{"count":1,"href":"https:\/\/lambdanachrichten.at\/index.php?rest_route=\/wp\/v2\/posts\/1834\/revisions"}],"predecessor-version":[{"id":1838,"href":"https:\/\/lambdanachrichten.at\/index.php?rest_route=\/wp\/v2\/posts\/1834\/revisions\/1838"}],"wp:featuredmedia":[{"embeddable":true,"href":"https:\/\/lambdanachrichten.at\/index.php?rest_route=\/wp\/v2\/media\/1836"}],"wp:attachment":[{"href":"https:\/\/lambdanachrichten.at\/index.php?rest_route=%2Fwp%2Fv2%2Fmedia&parent=1834"}],"wp:term":[{"taxonomy":"category","embeddable":true,"href":"https:\/\/lambdanachrichten.at\/index.php?rest_route=%2Fwp%2Fv2%2Fcategories&post=1834"},{"taxonomy":"post_tag","embeddable":true,"href":"https:\/\/lambdanachrichten.at\/index.php?rest_route=%2Fwp%2Fv2%2Ftags&post=1834"}],"curies":[{"name":"wp","href":"https:\/\/api.w.org\/{rel}","templated":true}]}}