{"id":1617,"date":"2021-12-03T01:11:33","date_gmt":"2021-12-03T00:11:33","guid":{"rendered":"https:\/\/lambdanachrichten.at\/?p=1617"},"modified":"2021-12-03T01:22:49","modified_gmt":"2021-12-03T00:22:49","slug":"lesbengruppe-der-hosi-wien-feiert-ihren-40er-teil-1","status":"publish","type":"post","link":"https:\/\/lambdanachrichten.at\/?p=1617","title":{"rendered":"Lesben*\u00adgruppe der HOSI Wien feiert ihren 40er &#8211; Teil 1"},"content":{"rendered":"\n<h2 class=\"wp-block-heading\">Ausstellung \u201eSICHTBAR\u201c<\/h2>\n\n\n\n<p class=\"has-drop-cap\">Am 23. Oktober war es endlich soweit, die Lesben*gruppe lud zur Ausstellungser\u00f6ffnung und Buchpr\u00e4sentation ins Gugg. Zahlreiche Besucher*innen waren dabei: Mitbegr\u00fcnderin der Lesbengruppe Doris Hauberger, langj\u00e4hrige Lesbenreferentinnen Waltraud Riegler und Barbara Fr\u00f6hlich, sowie die gegenw\u00e4rtige Lesben*referentin Lisa Hermanns, und auch Pers\u00f6nlichkeiten aus der Politik: Faika El-Nagashi, Jennifer Kickert und Julia Tinhof von den Gr\u00fcnen, sowie Tatjana Gabrielli von der SoHo. Zu sp\u00e4ter Stunde kam noch Ulrike Lunacek zu Besuch. Ein roter Teppich, in Form einer flauschigen Decke, wurde Kurt Krickler ausgelegt, der Fotos f\u00fcr das Buch zusammenstellte und n\u00e4chtelang mit Petra Springer das Buch lektorierte. Auch einige Kunstschaffende, die in der Ausstellung in Gios Room vertreten waren, kamen zur Er\u00f6ffnung, wie Christa Biedermann und Sabine Schwaighofer. Sophie Kr\u00fcger kam trotz Sturm in Deutschland mit dem Zug aus Leipzig.<\/p>\n\n\n\n<p>Nach der Begr\u00fc\u00dfung durch Barbara Fr\u00f6hlich und einer Rede von Lisa Hermanns, pr\u00e4sentierte Petra M. Springer das Buch, das auf eine Leinwand gebeamt wurde. Anschlie\u00dfend wurde das Buffett er\u00f6ffnet und der Abend ging \u00fcber zu einem gem\u00fctlichen Zusammensein.<\/p>\n\n\n\n<div class=\"wp-block-image is-style-default\"><figure class=\"aligncenter size-large is-resized\"><img loading=\"lazy\" decoding=\"async\" src=\"https:\/\/lambdanachrichten.at\/wp-content\/uploads\/2021\/12\/Buchu\u0308bergabe-an-Ewa-Ernst-Dziedzic-im-Parlament-Foto-Negar-L.-Roubani-1024x768.jpeg\" alt=\"Buch\u00fcbergabe an Ewa Ernst-Dziedzic. Foto: Negar L. Roubani\" class=\"wp-image-1631\" width=\"512\" height=\"384\" srcset=\"https:\/\/lambdanachrichten.at\/wp-content\/uploads\/2021\/12\/Buchu\u0308bergabe-an-Ewa-Ernst-Dziedzic-im-Parlament-Foto-Negar-L.-Roubani-1024x768.jpeg 1024w, https:\/\/lambdanachrichten.at\/wp-content\/uploads\/2021\/12\/Buchu\u0308bergabe-an-Ewa-Ernst-Dziedzic-im-Parlament-Foto-Negar-L.-Roubani-300x225.jpeg 300w, https:\/\/lambdanachrichten.at\/wp-content\/uploads\/2021\/12\/Buchu\u0308bergabe-an-Ewa-Ernst-Dziedzic-im-Parlament-Foto-Negar-L.-Roubani-150x113.jpeg 150w, https:\/\/lambdanachrichten.at\/wp-content\/uploads\/2021\/12\/Buchu\u0308bergabe-an-Ewa-Ernst-Dziedzic-im-Parlament-Foto-Negar-L.-Roubani-768x576.jpeg 768w, https:\/\/lambdanachrichten.at\/wp-content\/uploads\/2021\/12\/Buchu\u0308bergabe-an-Ewa-Ernst-Dziedzic-im-Parlament-Foto-Negar-L.-Roubani-1200x900.jpeg 1200w, https:\/\/lambdanachrichten.at\/wp-content\/uploads\/2021\/12\/Buchu\u0308bergabe-an-Ewa-Ernst-Dziedzic-im-Parlament-Foto-Negar-L.-Roubani.jpeg 1280w\" sizes=\"auto, (max-width: 512px) 100vw, 512px\" \/><figcaption>Buch\u00fcbergabe an Ewa Ernst-Dziedzic. Foto: Negar L. Roubani<\/figcaption><\/figure><\/div>\n\n\n\n<p>Offiziell wurden B\u00fccher an Hannah Lessing, Generalsekret\u00e4rin des Nationalfonds der Republik \u00d6sterreich f\u00fcr Opfer des Nationalsozialismus, an Justisministerin Alma Zadi\u0107 und an Nationalratsabgeordnete der Gr\u00fcnen, Ewa Ernst-Dziedzic, \u00fcbergeben.<\/p>\n","protected":false},"excerpt":{"rendered":"<p>Ausstellung \u201eSICHTBAR\u201c Am 23. Oktober war es endlich soweit, die Lesben*gruppe lud zur Ausstellungser\u00f6ffnung und Buchpr\u00e4sentation ins Gugg. Zahlreiche Besucher*innen waren dabei: Mitbegr\u00fcnderin der Lesbengruppe Doris Hauberger, langj\u00e4hrige Lesbenreferentinnen Waltraud Riegler und Barbara Fr\u00f6hlich, sowie die gegenw\u00e4rtige Lesben*referentin Lisa Hermanns, und auch Pers\u00f6nlichkeiten aus der Politik: Faika El-Nagashi, Jennifer Kickert und Julia Tinhof von den [&hellip;]<\/p>\n","protected":false},"author":36,"featured_media":1618,"comment_status":"closed","ping_status":"closed","sticky":false,"template":"","format":"standard","meta":{"footnotes":""},"categories":[20],"tags":[85,84,83],"class_list":["post-1617","post","type-post","status-publish","format-standard","has-post-thumbnail","hentry","category-schwerpunkt","tag-feminismus","tag-lambda-185","tag-lesbengruppe"],"_links":{"self":[{"href":"https:\/\/lambdanachrichten.at\/index.php?rest_route=\/wp\/v2\/posts\/1617","targetHints":{"allow":["GET"]}}],"collection":[{"href":"https:\/\/lambdanachrichten.at\/index.php?rest_route=\/wp\/v2\/posts"}],"about":[{"href":"https:\/\/lambdanachrichten.at\/index.php?rest_route=\/wp\/v2\/types\/post"}],"author":[{"embeddable":true,"href":"https:\/\/lambdanachrichten.at\/index.php?rest_route=\/wp\/v2\/users\/36"}],"replies":[{"embeddable":true,"href":"https:\/\/lambdanachrichten.at\/index.php?rest_route=%2Fwp%2Fv2%2Fcomments&post=1617"}],"version-history":[{"count":3,"href":"https:\/\/lambdanachrichten.at\/index.php?rest_route=\/wp\/v2\/posts\/1617\/revisions"}],"predecessor-version":[{"id":1632,"href":"https:\/\/lambdanachrichten.at\/index.php?rest_route=\/wp\/v2\/posts\/1617\/revisions\/1632"}],"wp:featuredmedia":[{"embeddable":true,"href":"https:\/\/lambdanachrichten.at\/index.php?rest_route=\/wp\/v2\/media\/1618"}],"wp:attachment":[{"href":"https:\/\/lambdanachrichten.at\/index.php?rest_route=%2Fwp%2Fv2%2Fmedia&parent=1617"}],"wp:term":[{"taxonomy":"category","embeddable":true,"href":"https:\/\/lambdanachrichten.at\/index.php?rest_route=%2Fwp%2Fv2%2Fcategories&post=1617"},{"taxonomy":"post_tag","embeddable":true,"href":"https:\/\/lambdanachrichten.at\/index.php?rest_route=%2Fwp%2Fv2%2Ftags&post=1617"}],"curies":[{"name":"wp","href":"https:\/\/api.w.org\/{rel}","templated":true}]}}