{"id":1606,"date":"2021-12-03T01:07:21","date_gmt":"2021-12-03T00:07:21","guid":{"rendered":"https:\/\/lambdanachrichten.at\/?p=1606"},"modified":"2021-12-03T01:23:07","modified_gmt":"2021-12-03T00:23:07","slug":"auf-maedchen-stehen","status":"publish","type":"post","link":"https:\/\/lambdanachrichten.at\/?p=1606","title":{"rendered":"Auf M\u00e4dchen stehen"},"content":{"rendered":"\n<p class=\"has-drop-cap\">Der Wiener Achse Verlag hat ein tolles Buch herausgegeben. Darin bringen Lisa Bolyos und Carolina Frank 18 Portr\u00e4ts von M\u00fcttern, V\u00e4tern, einer Gro\u00dfmutter und einer Tante. Es sind ehrliche und bewegende Portr\u00e4ts von Menschen, deren Kinder lesbisch, schwul, trans, inter oder nicht-bin\u00e4r sind. Die Personen erz\u00e4hlen, wie sie auf das Coming-out reagiert haben und was der Prozess mit ihnen gemacht hat. Eine Mutter zeigte sich nicht \u00fcberrascht, dass ihre Tochter auf M\u00e4dchen steht. Andere Eltern waren vor den Kopf gesto\u00dfen. Sie waren aber bereit, sich weiterzuentwickeln. So reagierte eine Mutter zun\u00e4chst schockiert, als sie erfuhr, dass ihr Sohn schwul sei. Sie fragte sich, was sie falsch gemacht habe. Mittlerweile sei es ihr aber \u201eschei\u00dfegal\u201c, was andere Leute dar\u00fcber denken. Eine 95-j\u00e4hrige Oma erz\u00e4hlt, dass sie ein paar Tr\u00e4nen \u201ezerquetscht\u201c habe, weil sie von ihrem schwulen Enkel keinen Nachwuchs erwarten kann. \u201eAber man muss die Tatsachen so nehmen, wie sie sind\u201c, sagt sie. Wenn sie auf ihren Enkel angesprochen wird, steht sie zu ihm. \u201eDas ist sein Leben, und damit basta\u201c, betont die 95-J\u00e4hrige. Eine Mutter ist Volksschullehrerin und erz\u00e4hlt den Kindern, dass eines ihrer Kinder inter sei. \u201eIch m\u00f6chte, dass auch kleinere Kinder schon wissen, dass es das gibt\u201c, so die Mutter. F\u00fcr einen Vater war es eine Umstellung, dass sein Kind trans ist. Doch er habe gelernt, das Leben so anzunehmen, wie es ist. \u201eAlles, was dir begegnet, ist ein Lern-, Entwicklungs- und Erfahrungsprozess\u201c, sagt der Vater. Dieses Buch macht Mut. Wundersch\u00f6n sind auch die vielen darin enthaltenen Fotos.<\/p>\n\n\n\n<p><em>Lisa Bolyos, Carolina Frank: Mich hat nicht gewundert, dass sie auf M\u00e4dchen steht. Achse Verlag, Wien 2021.<\/em><\/p>\n","protected":false},"excerpt":{"rendered":"<p>Der Wiener Achse Verlag hat ein tolles Buch herausgegeben. Darin bringen Lisa Bolyos und Carolina Frank 18 Portr\u00e4ts von M\u00fcttern, V\u00e4tern, einer Gro\u00dfmutter und einer Tante. Es sind ehrliche und bewegende Portr\u00e4ts von Menschen, deren Kinder lesbisch, schwul, trans, inter oder nicht-bin\u00e4r sind. Die Personen erz\u00e4hlen, wie sie auf das Coming-out reagiert haben und was [&hellip;]<\/p>\n","protected":false},"author":7,"featured_media":1607,"comment_status":"closed","ping_status":"closed","sticky":false,"template":"","format":"standard","meta":{"footnotes":""},"categories":[23],"tags":[24,84],"class_list":["post-1606","post","type-post","status-publish","format-standard","has-post-thumbnail","hentry","category-kultur","tag-buecher","tag-lambda-185"],"_links":{"self":[{"href":"https:\/\/lambdanachrichten.at\/index.php?rest_route=\/wp\/v2\/posts\/1606","targetHints":{"allow":["GET"]}}],"collection":[{"href":"https:\/\/lambdanachrichten.at\/index.php?rest_route=\/wp\/v2\/posts"}],"about":[{"href":"https:\/\/lambdanachrichten.at\/index.php?rest_route=\/wp\/v2\/types\/post"}],"author":[{"embeddable":true,"href":"https:\/\/lambdanachrichten.at\/index.php?rest_route=\/wp\/v2\/users\/7"}],"replies":[{"embeddable":true,"href":"https:\/\/lambdanachrichten.at\/index.php?rest_route=%2Fwp%2Fv2%2Fcomments&post=1606"}],"version-history":[{"count":2,"href":"https:\/\/lambdanachrichten.at\/index.php?rest_route=\/wp\/v2\/posts\/1606\/revisions"}],"predecessor-version":[{"id":1610,"href":"https:\/\/lambdanachrichten.at\/index.php?rest_route=\/wp\/v2\/posts\/1606\/revisions\/1610"}],"wp:featuredmedia":[{"embeddable":true,"href":"https:\/\/lambdanachrichten.at\/index.php?rest_route=\/wp\/v2\/media\/1607"}],"wp:attachment":[{"href":"https:\/\/lambdanachrichten.at\/index.php?rest_route=%2Fwp%2Fv2%2Fmedia&parent=1606"}],"wp:term":[{"taxonomy":"category","embeddable":true,"href":"https:\/\/lambdanachrichten.at\/index.php?rest_route=%2Fwp%2Fv2%2Fcategories&post=1606"},{"taxonomy":"post_tag","embeddable":true,"href":"https:\/\/lambdanachrichten.at\/index.php?rest_route=%2Fwp%2Fv2%2Ftags&post=1606"}],"curies":[{"name":"wp","href":"https:\/\/api.w.org\/{rel}","templated":true}]}}