{"id":1556,"date":"2021-09-03T00:25:49","date_gmt":"2021-09-03T00:25:49","guid":{"rendered":"https:\/\/lambdanachrichten.at\/?p=1556"},"modified":"2021-09-02T19:31:17","modified_gmt":"2021-09-02T19:31:17","slug":"digga-wessen-sprache","status":"publish","type":"post","link":"https:\/\/lambdanachrichten.at\/?p=1556","title":{"rendered":"Digga, wessen Sprache?!"},"content":{"rendered":"\n<p class=\"has-drop-cap\">Wie viel man \u00fcber Sprache und Wording diskutieren kann, sheesh! Manchmal ist es doch echt einfach nur cringe, an was Erwachsene sich aufh\u00e4ngen \u2013 dann schreibt man halt mit nem Sternchen, wenn nicht nur M\u00e4nner gemeint sind, who cares? Sind doch alles Geringverdiener*innen, die das nicht hinkriegen. Manchmal ist Sprache aber auch echt wyld, ich meine wer hat sich bitte dieses peinliche \u201epapatastisch\u201c ausgedacht?! Akkurat w\u00e4r maximal \u201efantastisch\u201c, aber \u201epapatastisch\u201c? Genauso sus wie diese Mittwoch-Memes, ey. Dann is\u2018 halt Mittwoch, ihr seid trotzdem nicht meine Kerle! Und wer sich jetzt denkt \u201esame\u201c, hat\u2018s voll gerafft mit Sprache \u2013 ver\u00e4nderlich verg\u00e4nglich, und was akkurat ist oder nicht, \u00e4ndert sich halt auch. Und leider h\u00e4ngt einiges vom subjektiven Empfinden der sprechenden Person ab.<\/p>\n\n\n\n<p>Wer bis hierher gelesen hat, und sich fragt, welch merkw\u00fcrdige Formulierungen da ihren Weg in die Lambda gefunden haben \u2013 alles was irgendwie zu fesch klingt, sind Vorschl\u00e4ge zum Jugendwort 2021. Und weil sich die Autorin dieser Zeilen nicht mit allen Ausdr\u00fccken identifizieren mag, geschweige denn die meisten jener regelm\u00e4\u00dfig am Jugendabend zu h\u00f6ren sind, klingen obige Zeilen wohl noch komischer.<\/p>\n\n\n\n<p>Unabh\u00e4ngig davon, dass die Jugendworte des Jahres stets ein wenig Verwirrung stiften, insbesondere bei jenen, die von sich selbst behaupten, nah an \u201eder Jugend\u201c zu sein, um dann festzustellen, dass ihnen keiner ihrer Neologismen so recht gel\u00e4ufig ist (au\u00dfer nat\u00fcrlich das altgediente \u201eDigga\u201c), ist die K\u00fcr des Jugendwortes durch den Verlag Langenscheidt doch eine j\u00e4hrliche Erinnerung daran, dass Sprache sich ver\u00e4ndert \u2013 und dass diejenigen sie pr\u00e4gen, die sie nutzen. Im Falle der Jugendw\u00f6rter geht es da um eine abstrakte Gruppe junger Menschen, die Sprache in ihren Kreisen verwenden, neu pr\u00e4gen und weiterentwickeln. Bei sprachlicher Inklusion hingegen steht nicht vorrangig die Ver\u00e4nderung der Sprache auf dem Spiel, sondern die Abbildung, ja oft sogar die Anerkennung der Lebensrealit\u00e4ten vieler Menschen. Was kostet es, das Gendersternchen zu benutzen, um geschlechtliche Vielfalt im geschriebenen Wort abzubilden? Nachdenken f\u00fcr 2 Cent. Was bedeutet es Menschen, die beim generischen Maskulinum nicht mitgemeint sind? Und was erst Menschen, deren Geschlechtsidentit\u00e4t sich weder im sprachlichen Maskulinum noch Femininum wiederfindet? Es bedeutet, davon ausgehen zu k\u00f6nnen, mitgedacht zu werden, anerkannt zu werden. Und dass Menschen die Existenz nicht abgesprochen wird, weil ihre Identit\u00e4t nicht in ein veraltetes, bin\u00e4res, sprachliches Muster passt. <\/p>\n\n\n\n<p>Auch in der Jugendgruppe tut sich sprachlich einiges. Vom Queer Youth Caf\u00e9 sind wir in diesem Jahr zu den QYVIEs (sprich: Kiwis) geworden \u2013 Queer Youth Vienna. Leuchtet es ein, eine queere Jugendgruppe nach einer gr\u00fcnen Frucht oder einem mehr oder weniger h\u00e4sslichen Vogel zu benennen? Nein! Passt der Name trotzdem sehr gut? Ja! Wer darf das entscheiden? Na, die QYVIEs. Sheesh oder? <\/p>\n\n\n\n<p>Ihr merkt sicher, die Analogie hinkt etwas, aber worauf ich hinaus will, ist hoffentlich trotzdem klar: Lasst Menschen sich selbst benennen, wie sie m\u00f6chten, inklusive Pronomen, und wenn jemand sagt, dass die Person sich in angewandter Sprache nicht wieder findet, dann lasst uns diese Sprache doch einfach \u00fcberdenken. Die Debatte \u00e4hnelt der mit konservativen Menschen: zu erwarten, dass sich alle wohlf\u00fchlen, wenn sich nichts \u00e4ndert, ist ganz sch\u00f6n naiv \u2013 und wir wollen doch alle dazugeh\u00f6ren. Und sich in die Namens- oder Pronomenwahl von Menschen einzumischen, ist einfach irgendwie cringe, Digga.<\/p>\n","protected":false},"excerpt":{"rendered":"<p>Wie viel man \u00fcber Sprache und Wording diskutieren kann, sheesh! Manchmal ist es doch echt einfach nur cringe, an was Erwachsene sich aufh\u00e4ngen \u2013 dann schreibt man halt mit nem Sternchen, wenn nicht nur M\u00e4nner gemeint sind, who cares? Sind doch alles Geringverdiener*innen, die das nicht hinkriegen. Manchmal ist Sprache aber auch echt wyld, ich [&hellip;]<\/p>\n","protected":false},"author":37,"featured_media":1557,"comment_status":"closed","ping_status":"closed","sticky":false,"template":"","format":"standard","meta":{"footnotes":""},"categories":[15],"tags":[80],"class_list":["post-1556","post","type-post","status-publish","format-standard","has-post-thumbnail","hentry","category-jugendstil","tag-lambda-184"],"_links":{"self":[{"href":"https:\/\/lambdanachrichten.at\/index.php?rest_route=\/wp\/v2\/posts\/1556","targetHints":{"allow":["GET"]}}],"collection":[{"href":"https:\/\/lambdanachrichten.at\/index.php?rest_route=\/wp\/v2\/posts"}],"about":[{"href":"https:\/\/lambdanachrichten.at\/index.php?rest_route=\/wp\/v2\/types\/post"}],"author":[{"embeddable":true,"href":"https:\/\/lambdanachrichten.at\/index.php?rest_route=\/wp\/v2\/users\/37"}],"replies":[{"embeddable":true,"href":"https:\/\/lambdanachrichten.at\/index.php?rest_route=%2Fwp%2Fv2%2Fcomments&post=1556"}],"version-history":[{"count":1,"href":"https:\/\/lambdanachrichten.at\/index.php?rest_route=\/wp\/v2\/posts\/1556\/revisions"}],"predecessor-version":[{"id":1558,"href":"https:\/\/lambdanachrichten.at\/index.php?rest_route=\/wp\/v2\/posts\/1556\/revisions\/1558"}],"wp:featuredmedia":[{"embeddable":true,"href":"https:\/\/lambdanachrichten.at\/index.php?rest_route=\/wp\/v2\/media\/1557"}],"wp:attachment":[{"href":"https:\/\/lambdanachrichten.at\/index.php?rest_route=%2Fwp%2Fv2%2Fmedia&parent=1556"}],"wp:term":[{"taxonomy":"category","embeddable":true,"href":"https:\/\/lambdanachrichten.at\/index.php?rest_route=%2Fwp%2Fv2%2Fcategories&post=1556"},{"taxonomy":"post_tag","embeddable":true,"href":"https:\/\/lambdanachrichten.at\/index.php?rest_route=%2Fwp%2Fv2%2Ftags&post=1556"}],"curies":[{"name":"wp","href":"https:\/\/api.w.org\/{rel}","templated":true}]}}