{"id":1501,"date":"2021-09-03T00:15:27","date_gmt":"2021-09-03T00:15:27","guid":{"rendered":"https:\/\/lambdanachrichten.at\/?p=1501"},"modified":"2021-09-02T19:32:34","modified_gmt":"2021-09-02T19:32:34","slug":"aber-wie-soll-ich-dich-dann-jetzt-ansprechen","status":"publish","type":"post","link":"https:\/\/lambdanachrichten.at\/?p=1501","title":{"rendered":"\u201eAber wie soll ich dich dann jetzt ansprechen?!\u201c"},"content":{"rendered":"\n<p class=\"has-drop-cap\">Menschen, die weder m\u00e4nnlich* noch weiblich* sind, haben in der deutschen Sprache kaum Platz. Initiativen wie das NoNa-System wollen das \u00e4ndern: Nicht-bin\u00e4re Grammatik zwischen Alltagspraxis und Aktivismus.<\/p>\n\n\n\n<p>Es ist der 8. Dezember 2019. Ich sitze in einer fremden Wiener Wohnung an einem Esstisch neben einer Person, die ich eigentlich nicht kenne. Wir sind einander durch Zufall begegnet und beide denkbar schlecht im Smalltalk. Wir starren auf das leere Blatt Papier vor uns. Es wird noch viel geschwiegen werden an diesem Abend.<\/p>\n\n\n\n<p>Die Entstehungsgeschichte unseres Grammatiksystems klingt \u00e4hnlich prickelnd wie das Wort \u201aGrammatiksystem\u2018 an sich. Noah und mich verbanden zu diesem Zeitpunkt genau zwei Dinge: Wir sind nicht-bin\u00e4r, f\u00fchlen uns also weder dem m\u00e4nnlichen* noch dem weiblichen* Geschlecht zugeh\u00f6rig, und waren beide bis dato auf erfolgloser Pronomensuche. Wir brauchten dringend eine Antwort auf die meist zwischen Vorwurf und \u00dcberforderung angesiedelte Frage \u201eAber wie soll ich dich dann jetzt ansprechen?!\u201c, die fast jedem Outing folgte. Teile unseres Umfeldes wollten erst einmal davon \u00fcberzeugt werden, dass es uns ernst war. Dieser Druck von au\u00dfen befeuerte unser ohnehin stark vorhandenes Bed\u00fcrfnis, ein Pronomen zu finden, das sich richtig anf\u00fchlt. Oder zumindest nicht mehr falsch. Wir recherchierten \u2013 mit m\u00e4\u00dfigem Erfolg. Uns wurde klar: Wir mussten die Sache selbst in die Hand nehmen.<\/p>\n\n\n\n<h3 class=\"wp-block-heading\">Sichtbarkeit aller Geschlechter<\/h3>\n\n\n\n<p>Das Deutsche bietet \u2013 h\u00e4ufig \u00fcber alternative Formulierungen \u2013 zwar einige M\u00f6glichkeiten, das eigene Sprechen und Schreiben geschlechtsneutral zu gestalten, diese sind allerdings meist holprig und umst\u00e4ndlich (zum Beispiel: \u201aDie befreundete Person, die\u2026\u2018). Doch schon bin\u00e4res Gendern, also sogenannte \u201ageschlechtergerechte Sprache\u2018, kann nach wie vor nicht als selbstverst\u00e4ndlich angesehen werden. Wenn die Durchsage im Supermarkt mit \u201eLiebe Kundinnen und Kunden\u201c beginnt, freut sich also dai Feminist*in in mir. Dai Queerfeminist*in dagegen nicht. Denn genau genommen w\u00fcrde \u201agendergerecht\u2018 bedeuten, den Gendern gerecht zu werden. Allen Gendern, nicht nur M\u00e4nnern* und Frauen*.<\/p>\n\n\n\n<p>Nicht-bin\u00e4re Personen sehen sich t\u00e4glich mit verschiedenen Formen des Misgenderns (Anwendung inkorrekter Formen f\u00fcr ihr Gender) konfrontiert. Dies \u00e4u\u00dfert sich in Formulierungen wie \u201ejeder, der m\u00f6chte\u201c, \u201ealle Zuseherinnen und Zuseher\u201c, \u201edieser eine da dr\u00fcben\u201c oder \u201edu bist doch die, die\u2026\u201c. Oft werden diese Aussagen un\u00fcberlegt und ohne b\u00f6se Absicht get\u00e4tigt, weh tun sie dennoch. Sei es nun eine falsche Adressierung oder eine allgemeine Anrede, welche eine bestimmte Bev\u00f6lkerungsgruppe ausschlie\u00dft und dadurch unsichtbar macht \u2013 all dies bekommen wir regelm\u00e4\u00dfig zu sp\u00fcren.<\/p>\n\n\n\n<p>Wenn sich meine Fachhochschule weigert, mir ein neues Bachelor-Diplom ohne Anrede und auf meinen richtigen Namen auszustellen oder Teile meines nahen Umfeldes nach eineinhalb Jahren immer noch unentwegt \u201esie\u201c sagen, ohne mit der Wimper zu zucken, tut das weh. Mich mit eindeutig weiblich konnotierten Worten anzusprechen, leugnet einen Teil meiner Identit\u00e4t. Wir alle bringen unser Sein sprachlich zum Ausdruck. Wir k\u00f6nnen nur beschreiben, was sich in Worte fassen l\u00e4sst. Oder anders gesagt: \u00dcber wen nicht gesprochen werden kann, dai existiert f\u00fcr andere nicht.<\/p>\n\n\n\n<p>Menschen, deren Geschlechtsidentit\u00e4t abseits der bin\u00e4ren Vorstellung von Gender liegt, haben ein Recht auf Sichtbarkeit, sowohl im gesprochenen als auch im geschriebenen Deutsch. Anders als etwa ein Standard-Redakteur Anfang M\u00e4rz im Interview mit der musikschaffenden Person Kerosin95 (keine Pronomen) impliziert hat, ist geschlechtsneutrale Sprache nicht der Versuch von 0,5 Prozent der Bev\u00f6lkerung, den restlichen 99,5 Prozent vorzuschreiben, wie sie zu reden haben. Korrekte Pronomen und Anreden f\u00fcr einen Menschen zu verwenden ist keine Frage des guten Willens, sondern des Respekts. Dar\u00fcber hinaus kann geschlechtsneutrale Sprache \u2013 wie etwa das englische \u201athey\/them\u2018 im Singular \u2013 auch dann Anwendung finden, wenn das Geschlecht einer Person nicht bekannt ist. Was spricht dagegen, statt \u201eKundinnen und Kunden\u201c einfach \u201eKund*innen\u201c zu adressieren?<\/p>\n\n\n\n<h3 class=\"wp-block-heading\">Wirklichkeit schafft Sprache<\/h3>\n\n\n\n<figure class=\"wp-block-image size-large\"><img loading=\"lazy\" decoding=\"async\" width=\"1024\" height=\"683\" src=\"https:\/\/lambdanachrichten.at\/wp-content\/uploads\/2021\/09\/Personalpronomen-1024x683.jpg\" alt=\"Personalpronomen NoNa-System\" class=\"wp-image-1513\" srcset=\"https:\/\/lambdanachrichten.at\/wp-content\/uploads\/2021\/09\/Personalpronomen-1024x683.jpg 1024w, https:\/\/lambdanachrichten.at\/wp-content\/uploads\/2021\/09\/Personalpronomen-300x200.jpg 300w, https:\/\/lambdanachrichten.at\/wp-content\/uploads\/2021\/09\/Personalpronomen-150x100.jpg 150w, https:\/\/lambdanachrichten.at\/wp-content\/uploads\/2021\/09\/Personalpronomen-768x512.jpg 768w, https:\/\/lambdanachrichten.at\/wp-content\/uploads\/2021\/09\/Personalpronomen-1536x1024.jpg 1536w, https:\/\/lambdanachrichten.at\/wp-content\/uploads\/2021\/09\/Personalpronomen-1200x800.jpg 1200w, https:\/\/lambdanachrichten.at\/wp-content\/uploads\/2021\/09\/Personalpronomen.jpg 1912w\" sizes=\"auto, (max-width: 1024px) 100vw, 1024px\" \/><figcaption>Personalpronomen NoNa-System<\/figcaption><\/figure>\n\n\n\n<p>Das NoNa-System entstand aus der Notwendigkeit, sprachlich zu existieren.&nbsp;Wir wollten einen Beitrag zur Sichtbarmachung aller Geschlechter in der deutschen Sprache leisten. Grammatikalische Kategorien, die seit jeher von Binarit\u00e4t gepr\u00e4gt sind, werden neu gedacht, \u00fcberarbeitet, erg\u00e4nzt und optimiert. Dabei ist der Anspruch, dass sich die neuen Formen m\u00f6glichst nat\u00fcrlich ins Deutsche einf\u00fcgen, um eine gute Lesbarkeit und einfache Aussprache zu gew\u00e4hrleisten.<\/p>\n\n\n\n<figure class=\"wp-block-image size-large\"><img loading=\"lazy\" decoding=\"async\" width=\"1024\" height=\"783\" src=\"https:\/\/lambdanachrichten.at\/wp-content\/uploads\/2021\/09\/Bestimmter-1024x783.jpg\" alt=\"Bestimmter Artikel NoNa-System\" class=\"wp-image-1514\" srcset=\"https:\/\/lambdanachrichten.at\/wp-content\/uploads\/2021\/09\/Bestimmter-1024x783.jpg 1024w, https:\/\/lambdanachrichten.at\/wp-content\/uploads\/2021\/09\/Bestimmter-300x229.jpg 300w, https:\/\/lambdanachrichten.at\/wp-content\/uploads\/2021\/09\/Bestimmter-150x115.jpg 150w, https:\/\/lambdanachrichten.at\/wp-content\/uploads\/2021\/09\/Bestimmter-768x587.jpg 768w, https:\/\/lambdanachrichten.at\/wp-content\/uploads\/2021\/09\/Bestimmter-1536x1174.jpg 1536w, https:\/\/lambdanachrichten.at\/wp-content\/uploads\/2021\/09\/Bestimmter-1200x917.jpg 1200w, https:\/\/lambdanachrichten.at\/wp-content\/uploads\/2021\/09\/Bestimmter.jpg 1837w\" sizes=\"auto, (max-width: 1024px) 100vw, 1024px\" \/><figcaption>Bestimmter Artikel NoNa-System<\/figcaption><\/figure>\n\n\n\n<p>Mit der Adaption des im Schwedischen gebr\u00e4uchlichen \u201ehen\u201c fanden wir noch am selben Abend eine f\u00fcr uns passende Alternative zu \u201eer\u201c oder \u201esie\u201c, die auf Deutsch die Formen \u201ehen\u201c, \u201ehens\u201c, \u201ehem\u201c, \u201ehen\u201c tr\u00e4gt. Aber fast ebenso schnell wurde uns klar, dass die eigentliche Arbeit damit erst begonnen hatte. Nicht-bin\u00e4re Pronomen, wie etwa \u201exier\u201c, \u201eper\u201c, \u201enin\u201c oder \u201edey\u201c, gibt es zuhauf. Sp\u00e4testens bei geschlechtsneutralen Adjektivendungen lichtet sich das Feld ausgearbeiteter Vorschl\u00e4ge jedoch gewaltig. Die Menge genderneutraler Grammatiksysteme ist an einer Hand abz\u00e4hlbar.&nbsp;Diese sind \u2013 ebenso wie das NoNa-System \u2013 in den meisten F\u00e4llen noch im Aufbau begriffen und entsprechend weit von einer elaborierten Grammatik entfernt. Da viele von ihnen aus dem bundesdeutschen Sprachraum kommen, wird h\u00e4ufig auf den in \u00d6sterreich durchaus nicht irrelevanten Faktor der Dialektkompatibilit\u00e4t vergessen. Zudem gaben uns manche Formen ein irgendwo zwischen Befremdung und diffusem Unwohlsein angesiedeltes Gef\u00fchl. Sie klangen in unseren Ohren nicht menschlich, sondern alienm\u00e4\u00dfig, oder verdinglichend.<\/p>\n\n\n\n<figure class=\"wp-block-image size-large\"><img loading=\"lazy\" decoding=\"async\" width=\"1024\" height=\"912\" src=\"https:\/\/lambdanachrichten.at\/wp-content\/uploads\/2021\/09\/Unbestimmt-1024x912.jpg\" alt=\"Unbestimmter Artikel NoNa-System\" class=\"wp-image-1515\" srcset=\"https:\/\/lambdanachrichten.at\/wp-content\/uploads\/2021\/09\/Unbestimmt-1024x912.jpg 1024w, https:\/\/lambdanachrichten.at\/wp-content\/uploads\/2021\/09\/Unbestimmt-300x267.jpg 300w, https:\/\/lambdanachrichten.at\/wp-content\/uploads\/2021\/09\/Unbestimmt-150x134.jpg 150w, https:\/\/lambdanachrichten.at\/wp-content\/uploads\/2021\/09\/Unbestimmt-768x684.jpg 768w, https:\/\/lambdanachrichten.at\/wp-content\/uploads\/2021\/09\/Unbestimmt-1536x1368.jpg 1536w, https:\/\/lambdanachrichten.at\/wp-content\/uploads\/2021\/09\/Unbestimmt-1200x1069.jpg 1200w, https:\/\/lambdanachrichten.at\/wp-content\/uploads\/2021\/09\/Unbestimmt.jpg 1978w\" sizes=\"auto, (max-width: 1024px) 100vw, 1024px\" \/><figcaption>Unbestimmter Artikel NoNa-System<\/figcaption><\/figure>\n\n\n\n<p>Also mussten wir uns auch anderer grammatikalischer Kategorien abseits der Pronomenfrage annehmen, um die im Deutschen \u00fcblichen bin\u00e4ren Formen durch f\u00fcr uns ad\u00e4quate genderneutrale zu erg\u00e4nzen. Der bestimmte Artikel im NoNa-System lautet in den vier F\u00e4llen \u201edai\u201c, \u201edais\u201c, \u201edam\u201c, \u201edai\u201c, der unbestimmte \u201eeint\u201c, \u201eeinter\u201c, \u201eeintem\u201c, \u201eeint\u201c (siehe Infoboxen). Daraus lassen sich das Universalpronomen \u201ejedai\u201c, \u201ejedais\u201c, \u201ejedam\u201c, \u201ejedai\u201c sowie die Possessivpronomen, z.B. \u201emeint\u201c, \u201emeinter\u201c, \u201emeintem\u201c, \u201emeint\u201c ableiten. Substantive werden wahlweise mit dem Gendersternchen oder dem Mittelpunkt gebildet (dai Freund*in\/Freund\u00b7in) und mit einem Glottisschlag (kurzem Absetzen) ausgesprochen.<\/p>\n\n\n\n<figure class=\"wp-block-image size-large\"><img loading=\"lazy\" decoding=\"async\" width=\"1024\" height=\"455\" src=\"https:\/\/lambdanachrichten.at\/wp-content\/uploads\/2021\/09\/Kompakt-1024x455.jpg\" alt=\"Kompaktgrammatik NoNa-System\" class=\"wp-image-1512\" srcset=\"https:\/\/lambdanachrichten.at\/wp-content\/uploads\/2021\/09\/Kompakt-1024x455.jpg 1024w, https:\/\/lambdanachrichten.at\/wp-content\/uploads\/2021\/09\/Kompakt-300x133.jpg 300w, https:\/\/lambdanachrichten.at\/wp-content\/uploads\/2021\/09\/Kompakt-150x67.jpg 150w, https:\/\/lambdanachrichten.at\/wp-content\/uploads\/2021\/09\/Kompakt-768x342.jpg 768w, https:\/\/lambdanachrichten.at\/wp-content\/uploads\/2021\/09\/Kompakt-1536x683.jpg 1536w, https:\/\/lambdanachrichten.at\/wp-content\/uploads\/2021\/09\/Kompakt-2048x911.jpg 2048w, https:\/\/lambdanachrichten.at\/wp-content\/uploads\/2021\/09\/Kompakt-1200x534.jpg 1200w, https:\/\/lambdanachrichten.at\/wp-content\/uploads\/2021\/09\/Kompakt-1980x881.jpg 1980w\" sizes=\"auto, (max-width: 1024px) 100vw, 1024px\" \/><figcaption>Kompaktgrammatik NoNa-System<\/figcaption><\/figure>\n\n\n\n<p>Es folgten viele weitere Treffen und unz\u00e4hlige Arbeitsstunden, die nicht selten auch das eingangs erw\u00e4hnte Starren auf Papier und die Feststellung, dass das deutsche Alphabet zu wenige Buchstaben zur sinnvollen Adaption bestehender Endungen bereith\u00e4lt, beinhalteten. Die Beantwortung der initialen Pronomenfrage war sukzessive zu einem Grammatiksystem herangewachsen (siehe Infobox). In der Hoffnung, durch unsere \u00dcberlegungen vielleicht auch anderen Menschen helfen zu k\u00f6nnen, gr\u00fcndeten wir Ende 2020 die Website <a href=\"http:\/\/www.geschlechtsneutralesdeutsch.com\">www.geschlechtsneutralesdeutsch.com<\/a>.<\/p>\n\n\n\n<h3 class=\"wp-block-heading\">Verbreitung, Vernetzung, Ver\u00e4nderung<\/h3>\n\n\n\n<p>Unser Vorschlag erhebt keinerlei Anspruch auf Allgemeing\u00fcltigkeit. Jedai kann und soll sich jene Aspekte herauspicken, die f\u00fcr eint passen, sie nach Belieben adaptieren und\/oder erweitern. Viel wichtiger als die Frage, wie genau geschlechtsneutrales Gendern aussieht, ist die Tatsache, dass es gemacht wird. Sprache schafft ein Bewusstsein f\u00fcr Existenz(en), entwickelt sich stetig weiter und kann \u2013 ja soll \u2013 an die Bed\u00fcrfnisse der Sprechenden angepasst werden. Es darf nicht reichen, \u201amitgemeint\u2018 zu sein.<\/p>\n\n\n\n<p>Seither hat sich auch hinsichtlich anderer Arten der Repr\u00e4sentation und Sichtbarkeit nicht-bin\u00e4rer Menschen einiges getan: Vor wenigen Monaten wurde der Verein Nicht-Bin\u00e4r (Venib) ins Leben gerufen. Er dient der Vernetzung und Vertretung von Interessen jener Personen, die sich au\u00dferhalb der hegemonialen Geschlechterbinarit\u00e4t befinden. Hier setzen wir uns etwa gemeinsam f\u00fcr eine \u00d6ffnung alternativer Geschlechtseintr\u00e4ge f\u00fcr alle, die sich nicht oder nicht eindeutig mit der Zuschreibung \u201am\u00e4nnlich\u2018 oder \u201aweiblich\u2018 identifizieren, ein.<\/p>\n\n\n\n<figure class=\"wp-block-image size-large\"><img loading=\"lazy\" decoding=\"async\" width=\"1015\" height=\"1024\" src=\"https:\/\/lambdanachrichten.at\/wp-content\/uploads\/2021\/09\/Beispiel-1015x1024.jpg\" alt=\"Beispielmail im NoNa-System\" class=\"wp-image-1511\" srcset=\"https:\/\/lambdanachrichten.at\/wp-content\/uploads\/2021\/09\/Beispiel-1015x1024.jpg 1015w, https:\/\/lambdanachrichten.at\/wp-content\/uploads\/2021\/09\/Beispiel-297x300.jpg 297w, https:\/\/lambdanachrichten.at\/wp-content\/uploads\/2021\/09\/Beispiel-150x150.jpg 150w, https:\/\/lambdanachrichten.at\/wp-content\/uploads\/2021\/09\/Beispiel-768x775.jpg 768w, https:\/\/lambdanachrichten.at\/wp-content\/uploads\/2021\/09\/Beispiel-1200x1211.jpg 1200w, https:\/\/lambdanachrichten.at\/wp-content\/uploads\/2021\/09\/Beispiel-24x24.jpg 24w, https:\/\/lambdanachrichten.at\/wp-content\/uploads\/2021\/09\/Beispiel-48x48.jpg 48w, https:\/\/lambdanachrichten.at\/wp-content\/uploads\/2021\/09\/Beispiel-96x96.jpg 96w, https:\/\/lambdanachrichten.at\/wp-content\/uploads\/2021\/09\/Beispiel.jpg 1412w\" sizes=\"auto, (max-width: 1015px) 100vw, 1015px\" \/><figcaption>Beispielmail im NoNa-System<\/figcaption><\/figure>\n\n\n\n<p>Noah und ich haben viele Menschen kennengelernt, die sich auf die unterschiedlichsten Arten f\u00fcr die Rechte nicht-bin\u00e4rer Personen engagieren. Als wir vor eineinhalb Jahren am Esstisch sa\u00dfen, schien mir das unvorstellbar weit weg. Ich habe die Hoffnung, eines Tages von meinem Umfeld und der Gesellschaft als dai gesehen zu werden, dai ich bin. Es ist noch ein weiter Weg.<\/p>\n","protected":false},"excerpt":{"rendered":"<p>Menschen, die weder m\u00e4nnlich* noch weiblich* sind, haben in der deutschen Sprache kaum Platz. Initiativen wie das NoNa-System wollen das \u00e4ndern: Nicht-bin\u00e4re Grammatik zwischen Alltagspraxis und Aktivismus. Es ist der 8. Dezember 2019. Ich sitze in einer fremden Wiener Wohnung an einem Esstisch neben einer Person, die ich eigentlich nicht kenne. Wir sind einander durch [&hellip;]<\/p>\n","protected":false},"author":35,"featured_media":1505,"comment_status":"closed","ping_status":"closed","sticky":false,"template":"","format":"standard","meta":{"footnotes":""},"categories":[20],"tags":[82,80],"class_list":["post-1501","post","type-post","status-publish","format-standard","has-post-thumbnail","hentry","category-schwerpunkt","tag-gendergerechte-sprache","tag-lambda-184"],"_links":{"self":[{"href":"https:\/\/lambdanachrichten.at\/index.php?rest_route=\/wp\/v2\/posts\/1501","targetHints":{"allow":["GET"]}}],"collection":[{"href":"https:\/\/lambdanachrichten.at\/index.php?rest_route=\/wp\/v2\/posts"}],"about":[{"href":"https:\/\/lambdanachrichten.at\/index.php?rest_route=\/wp\/v2\/types\/post"}],"author":[{"embeddable":true,"href":"https:\/\/lambdanachrichten.at\/index.php?rest_route=\/wp\/v2\/users\/35"}],"replies":[{"embeddable":true,"href":"https:\/\/lambdanachrichten.at\/index.php?rest_route=%2Fwp%2Fv2%2Fcomments&post=1501"}],"version-history":[{"count":6,"href":"https:\/\/lambdanachrichten.at\/index.php?rest_route=\/wp\/v2\/posts\/1501\/revisions"}],"predecessor-version":[{"id":1516,"href":"https:\/\/lambdanachrichten.at\/index.php?rest_route=\/wp\/v2\/posts\/1501\/revisions\/1516"}],"wp:featuredmedia":[{"embeddable":true,"href":"https:\/\/lambdanachrichten.at\/index.php?rest_route=\/wp\/v2\/media\/1505"}],"wp:attachment":[{"href":"https:\/\/lambdanachrichten.at\/index.php?rest_route=%2Fwp%2Fv2%2Fmedia&parent=1501"}],"wp:term":[{"taxonomy":"category","embeddable":true,"href":"https:\/\/lambdanachrichten.at\/index.php?rest_route=%2Fwp%2Fv2%2Fcategories&post=1501"},{"taxonomy":"post_tag","embeddable":true,"href":"https:\/\/lambdanachrichten.at\/index.php?rest_route=%2Fwp%2Fv2%2Ftags&post=1501"}],"curies":[{"name":"wp","href":"https:\/\/api.w.org\/{rel}","templated":true}]}}