{"id":10248,"date":"2026-09-04T00:29:00","date_gmt":"2026-09-03T22:29:00","guid":{"rendered":"https:\/\/lambdanachrichten.at\/?p=10248"},"modified":"2026-09-04T07:08:23","modified_gmt":"2026-09-04T05:08:23","slug":"hoffnung-statt-hetze","status":"publish","type":"post","link":"https:\/\/lambdanachrichten.at\/?p=10248","title":{"rendered":"Hoffnung statt  Hetze!"},"content":{"rendered":"\n<p class=\"has-drop-cap wp-block-paragraph\">Puh, das ist doch ein schwieriges Thema: Gewalt. <\/p>\n\n\n\n<p class=\"wp-block-paragraph\">Aber wir geben uns ja gerne Herausforderungen. Es ist ein Thema, mit welchem wir leider alle mal konfrontiert werden. Deshalb kommen wir auch nicht drum herum es hier zum Heftthema zu machen. <\/p>\n\n\n\n<p class=\"wp-block-paragraph\">Nicht nur, weil uns Gewalt sowohl auf individueller Ebene betroffen machen kann, sondern gleichsam auf struktureller Ebene, in vielen Facetten, es ist einfach ein Thema, um das man auch im Leben nicht herumkommt.<\/p>\n\n\n\n<p class=\"wp-block-paragraph\">Anl\u00e4sse gibt es leider genug. J\u00fcngst wurden allein im deutschsprachigen Raum gleich drei Menschen gewaltsam in den Tod gerissen, die in Zusammenhang mit unserer Community standen. Zuerst die trans Frau Etchika Pollex, dann war der islamistische Angriff auf die Berlin Pride, bei dem eine Frau ums Leben gebracht wurde, die ihr queeres Kind unterst\u00fctzen wollte, jetzt vor kurzem ein schwuler Mann, der Opfer eines Radikalen wurde, welcher laut eigener Aussage hinter jedem schwulen Mann einen P\u00e4dokriminellen vermutete. Ich nenne an dieser Stelle nur den Namen von Etchika direkt, weil sie sich selbst entschied zu Lebzeiten in der medialen \u00d6ffentlichkeit zu stehen, gerade um Bewusstsein f\u00fcr das Thema Transfeindlichkeit zu schaffen. Das alles geschah allein in diesem Jahr!<\/p>\n\n\n\n<p class=\"wp-block-paragraph\">Was schrecklich f\u00fcr das individuelle Umfeld der Opfer ist, bedeutet in diesem Fall aber auch immer einen Angriff auf unsere Community. Deshalb bedeutet ein Angriff auf Einzelne auch Schmerz f\u00fcr uns als Gemeinschaft. Am offensichtlichsten wurde das nach dem Angriff auf den CSD Berlin. Ziel war es, die vielf\u00e4ltige Gesellschaft anzugreifen. Wir sind n\u00e4mlich f\u00fcr viele religi\u00f6se Fanatiker der Inbegriff von Freiheit, was ihnen, so pointiert das jetzt vielleicht klingen mag, eine Heidenangst einjagt. <\/p>\n\n\n\n<p class=\"wp-block-paragraph\">Selbst wenn wir bei Etchika noch nicht ganz genau sagen k\u00f6nnen, welchen Einfluss ihre Identit\u00e4t als trans Frau auf die Tat hatte, sah sie sich schon zu Lebzeiten oft gezwungen, ihre mediale Sichtbarkeit aus Sicherheitsgr\u00fcnden zur\u00fcckzufahren. In einem ihrer Videos erkl\u00e4rte sie, dass sie als trans Frau nicht nur eine Verantwortung f\u00fcr sich selbst habe, sondern auch f\u00fcr die Menschen in ihrem Umfeld, die wegen ihrer Identit\u00e4t bedroht w\u00fcrden. <\/p>\n\n\n\n<p class=\"wp-block-paragraph\">Wer als Mann zu einem Date geht, m\u00f6chte sich nicht ausmalen, was dem Opfer eines selbsternannten \u201ePedo-Hunters\u201c passiert ist. Doch das ist leider mittlerweile unsere Realit\u00e4t. Das verstehen noch immer einige nicht, wenn sie wieder rufen \u201edie Pride ist doch nur eine Party\u201c. <\/p>\n\n\n\n<p class=\"wp-block-paragraph\">Sichtbarkeit f\u00fcr die nat\u00fcrliche Vielfalt der Menschen ist nun mal in gewisser Weise immer ein Hinterfragen der gewaltsamen Strukturen, die Radikale jeder Couleur so verzweifelt aufrecht zu erhalten oder erst zu implementieren versuchen. Wir sehen n\u00e4mlich n\u00fcchtern betrachtet weder alle gleich aus, noch haben wir die gleichen Interessen, Familienkonzepte, oder sonstige Merkmale. Das Opfer des Pedo-J\u00e4gers war nat\u00fcrlich nicht wirklich p\u00e4dophil oder gar -kriminell, aber hier reichen sich Rechtsradikale und Islamisten ideologisch die Hand. <\/p>\n\n\n\n<p class=\"wp-block-paragraph\">Wer sich erlaubt die eigene Identit\u00e4t offen auszuleben, statt die Queerfeindlichkeit der heteronormativen Gesellschaft zu verinnerlichen, wird zum Problem gemacht. Dabei sollten gerade Neo-Nazis und religi\u00f6se Fanatiker aus ihren eigenen Umpolungsversuchen wissen, dass man die sexuelle Orientierung oder Geschlechtsidentit\u00e4t nun mal nicht \u00e4ndern kann, nicht mal durch Folter. <\/p>\n\n\n\n<p class=\"wp-block-paragraph\">Es ist absurd, dass bei uns Umpolungs&#8230;\u201e-therapien\u201c oder das gewaltsame medizinische Eingreifen bei intergeschlechtlichen Kindern ohne medizinische Notwendigkeit nicht gesetzlich verboten sind. <\/p>\n\n\n\n<p class=\"wp-block-paragraph\">Doch wir haben schon viel geschafft. Das d\u00fcrfen wir in Anbetracht der Entwicklungen nie vergessen! Wenn eine Mutter mit ihrem Kind zu einer Pride-Demo geht, dann kann das uns auch Hoffnung geben, dass die Samen, die wir s\u00e4ten, fruchten, wir eine Community haben, die uns unterst\u00fctzt, Liebe st\u00e4rker ist als Hass. <\/p>\n\n\n\n<p class=\"wp-block-paragraph\">Denn wenn sie uns wieder versuchen den Mut zu nehmen, hei\u00dft Liebe Heilung. Und Hoffnung Widerstand.<\/p>\n","protected":false},"excerpt":{"rendered":"<p>Puh, das ist doch ein schwieriges Thema: Gewalt. Aber wir geben uns ja gerne Herausforderungen. Es ist ein Thema, mit welchem wir leider alle mal konfrontiert werden. Deshalb kommen wir auch nicht drum herum es hier zum Heftthema zu machen. Nicht nur, weil uns Gewalt sowohl auf individueller Ebene betroffen machen kann, sondern gleichsam auf [&hellip;]<\/p>\n","protected":false},"author":17,"featured_media":10249,"comment_status":"closed","ping_status":"closed","sticky":false,"template":"","format":"standard","meta":{"footnotes":""},"categories":[11],"tags":[131,129],"class_list":["post-10248","post","type-post","status-publish","format-standard","has-post-thumbnail","hentry","category-editorial","tag-gewalt","tag-lambda-204"],"_links":{"self":[{"href":"https:\/\/lambdanachrichten.at\/index.php?rest_route=\/wp\/v2\/posts\/10248","targetHints":{"allow":["GET"]}}],"collection":[{"href":"https:\/\/lambdanachrichten.at\/index.php?rest_route=\/wp\/v2\/posts"}],"about":[{"href":"https:\/\/lambdanachrichten.at\/index.php?rest_route=\/wp\/v2\/types\/post"}],"author":[{"embeddable":true,"href":"https:\/\/lambdanachrichten.at\/index.php?rest_route=\/wp\/v2\/users\/17"}],"replies":[{"embeddable":true,"href":"https:\/\/lambdanachrichten.at\/index.php?rest_route=%2Fwp%2Fv2%2Fcomments&post=10248"}],"version-history":[{"count":1,"href":"https:\/\/lambdanachrichten.at\/index.php?rest_route=\/wp\/v2\/posts\/10248\/revisions"}],"predecessor-version":[{"id":10250,"href":"https:\/\/lambdanachrichten.at\/index.php?rest_route=\/wp\/v2\/posts\/10248\/revisions\/10250"}],"wp:featuredmedia":[{"embeddable":true,"href":"https:\/\/lambdanachrichten.at\/index.php?rest_route=\/wp\/v2\/media\/10249"}],"wp:attachment":[{"href":"https:\/\/lambdanachrichten.at\/index.php?rest_route=%2Fwp%2Fv2%2Fmedia&parent=10248"}],"wp:term":[{"taxonomy":"category","embeddable":true,"href":"https:\/\/lambdanachrichten.at\/index.php?rest_route=%2Fwp%2Fv2%2Fcategories&post=10248"},{"taxonomy":"post_tag","embeddable":true,"href":"https:\/\/lambdanachrichten.at\/index.php?rest_route=%2Fwp%2Fv2%2Ftags&post=10248"}],"curies":[{"name":"wp","href":"https:\/\/api.w.org\/{rel}","templated":true}]}}