{"id":10245,"date":"2026-09-04T00:28:00","date_gmt":"2026-09-03T22:28:00","guid":{"rendered":"https:\/\/lambdanachrichten.at\/?p=10245"},"modified":"2026-09-02T21:11:42","modified_gmt":"2026-09-02T19:11:42","slug":"ob-wort","status":"publish","type":"post","link":"https:\/\/lambdanachrichten.at\/?p=10245","title":{"rendered":"Ob-wort"},"content":{"rendered":"\n<p class=\"has-drop-cap wp-block-paragraph\">Liebe Leser*innen, liebe Freund*innen, eigentlich m\u00f6chte ich nach der Pride \u00fcber all das schreiben, wof\u00fcr wir seit Jahrzehnten k\u00e4mpfen: \u00fcber Sichtbarkeit, gleiche Rechte, Selbstbestimmung und dar\u00fcber, was noch zu erreichen ist. Doch manchmal zwingen uns Ereignisse dazu, innezuhalten.<\/p>\n\n\n\n<p class=\"wp-block-paragraph\">Der t\u00f6dliche Anschlag im Umfeld des Berliner CSD hat viele von uns tief ersch\u00fcttert. Ein Mensch wurde aus dem Leben gerissen, viele wurden verletzt. Ein Ort, der f\u00fcr Freiheit, Vielfalt und queere Selbstbestimmung stehen sollte, wurde zum Schauplatz von Angst und Gewalt. Viele in unserer Community kennen das Gef\u00fchl, das in solchen Momenten entsteht. Wir greifen zum Handy und schreiben Freund*innen: \u201eBist du okay? Bist du sicher? Bitte melde dich.\u201c Und wissen gleichzeitig, dass irgendjemand diese erl\u00f6sende Nachricht nicht bekommen wird. <\/p>\n\n\n\n<p class=\"wp-block-paragraph\">Unsere Gedanken sind bei der get\u00f6teten Frau, den Verletzten, ihren Familien, ob blutsverwandt oder Chosen Family, und bei allen, die diesen schrecklichen Abend miterleben mussten.<\/p>\n\n\n\n<p class=\"wp-block-paragraph\">Gewalt gegen queere Menschen ist kein isoliertes Ph\u00e4nomen. Orlando, Oslo oder Bratislava haben sich tief in unser kollektives Ged\u00e4chtnis eingeschrieben. Unterschiedliche T\u00e4ter und Ideologien, aber immer wieder werden queere Menschen zur Zielscheibe, weil unsere Existenz einem menschenfeindlichen Weltbild widerspricht.<\/p>\n\n\n\n<p class=\"wp-block-paragraph\">Deshalb m\u00fcssen wir auch \u00fcber Islamismus sprechen. Klar und ohne falsche Scheu. Wenn ein Anschlag islamistisch motiviert ist, m\u00fcssen wir ihn so benennen. Islamismus ist eine extremistische politische Ideologie, die Demokratie, Gleichberechtigung und die Selbstbestimmung queeren Menschen fundamental infrage stellt. Wo Menschen aufgrund ihrer sexuellen Orientierung oder Geschlechtsidentit\u00e4t verfolgt und Gewalt gegen sie legitimiert wird, m\u00fcssen wir widersprechen. Islamismus bedroht queeres Leben. Diese Bedrohung d\u00fcrfen wir weder relativieren noch verschweigen. Gleichzeitig m\u00fcssen wir jeder Instrumentalisierung unserer Community f\u00fcr antimuslimischen Rassismus entgegentreten. Islamismus und Islam sind nicht dasselbe. Muslim*innen sind nicht verantwortlich f\u00fcr die Taten von Islamist*innen. Sie sind unsere Nachbar*innen, Freund*innen, Kolleg*innen und selbstverst\u00e4ndlich auch Teil unserer queeren Community. Wer Muslim*innen pauschal zu Feindbildern erkl\u00e4rt, bek\u00e4mpft keinen Extremismus, sondern schafft neuen Hass. Beides auszusprechen, ist kein Widerspruch, sondern demokratische Notwendigkeit. Wir k\u00f6nnen Islamismus bek\u00e4mpfen und Muslim*innen vor Ausgrenzung sch\u00fctzen. Wir k\u00f6nnen Antisemitismus, Rassismus, Rechtsextremismus und Islamismus benennen, ohne Menschen unter Generalverdacht zu stellen. Eine Community, die Differenzierung im Umgang mit sich selbst einfordert, muss sie auch anderen zugestehen.<\/p>\n\n\n\n<p class=\"wp-block-paragraph\">Auch die Politik tr\u00e4gt Verantwortung f\u00fcr das gesellschaftliche Klima. Wer queere Menschen als Bedrohung darstellt, insbesondere trans Menschen zum Gegenstand permanenter Kulturk\u00e4mpfe macht oder mit Desinformation und Angst Politik betreibt, verschiebt gesellschaftliche Grenzen. Worte haben Konsequenzen.<\/p>\n\n\n\n<p class=\"wp-block-paragraph\">Gerade deshalb m\u00fcssen wir uns daran erinnern, was Pride bedeutet. Pride war nie nur Party. Pride war und ist Protest: gegen Hass, Ausgrenzung und Gewalt, und f\u00fcr unser Recht, sichtbar, selbstbestimmt und sicher zu leben und zu lieben. Aber auch f\u00fcr Queer Joy: f\u00fcr das Recht, unser Leben nicht ausschlie\u00dflich im Widerstand gegen andere f\u00fchren zu m\u00fcssen.<\/p>\n\n\n\n<p class=\"wp-block-paragraph\">Unsere Community hat viel \u00fcberstanden: Unsichtbarkeit, eine Epidemie, Gewalt, politische R\u00fcckschritte und Trauer. Wir werden auch diese Zeit \u00fcberstehen. Aber \u00dcberstehen allein reicht nicht. Wir m\u00fcssen wieder mehr miteinander als \u00fcbereinander reden und Differenzen aushalten, ohne einander zu Feind*innen zu erkl\u00e4ren. Social-Media-Posts, Likes und Statements allein tragen keine Community. Es braucht Menschen, die Verantwortung \u00fcbernehmen, sich engagieren, Strukturen erhalten und R\u00e4ume schaffen. Denn queere R\u00e4ume sind keine Selbstverst\u00e4ndlichkeit. Sie sind Schutzr\u00e4ume, Orte der Begegnung und Orte, an denen jener Zusammenhalt entstehen kann, den wir gerade so dringend brauchen. Was wir nicht zulassen d\u00fcrfen, ist, dass aus Angst Schweigen wird, aus Trauer Spaltung und aus berechtigter Wut pauschaler Hass. Wer unsere Freiheit angreift, m\u00f6chte, dass wir uns zur\u00fcckziehen, uns verstecken und weniger sichtbar werden.<\/p>\n\n\n\n<p class=\"wp-block-paragraph\">Unsere Antwort muss eine andere sein: Zusammenhalt.<\/p>\n\n\n\n<p class=\"wp-block-paragraph\">Zusammenhalt innerhalb unserer vielf\u00e4ltigen Community und mit allen Menschen, die f\u00fcr Demokratie, Menschenrechte und Freiheit eintreten. Wir d\u00fcrfen trauern. Wir d\u00fcrfen Angst haben. Wir d\u00fcrfen w\u00fctend sein.<\/p>\n\n\n\n<p class=\"wp-block-paragraph\">Aber dann gehen wir weiter.<\/p>\n\n\n\n<p class=\"wp-block-paragraph\">Weiter laut. Weiter sichtbar. Weiter solidarisch.<\/p>\n\n\n\n<p class=\"wp-block-paragraph\">Denn Aufgeben k\u00f6nnen wir uns nicht leisten. <\/p>\n","protected":false},"excerpt":{"rendered":"<p>Liebe Leser*innen, liebe Freund*innen, eigentlich m\u00f6chte ich nach der Pride \u00fcber all das schreiben, wof\u00fcr wir seit Jahrzehnten k\u00e4mpfen: \u00fcber Sichtbarkeit, gleiche Rechte, Selbstbestimmung und dar\u00fcber, was noch zu erreichen ist. Doch manchmal zwingen uns Ereignisse dazu, innezuhalten. Der t\u00f6dliche Anschlag im Umfeld des Berliner CSD hat viele von uns tief ersch\u00fcttert. Ein Mensch wurde [&hellip;]<\/p>\n","protected":false},"author":4,"featured_media":10247,"comment_status":"closed","ping_status":"closed","sticky":false,"template":"","format":"standard","meta":{"footnotes":""},"categories":[11],"tags":[129],"class_list":["post-10245","post","type-post","status-publish","format-standard","has-post-thumbnail","hentry","category-editorial","tag-lambda-204"],"_links":{"self":[{"href":"https:\/\/lambdanachrichten.at\/index.php?rest_route=\/wp\/v2\/posts\/10245","targetHints":{"allow":["GET"]}}],"collection":[{"href":"https:\/\/lambdanachrichten.at\/index.php?rest_route=\/wp\/v2\/posts"}],"about":[{"href":"https:\/\/lambdanachrichten.at\/index.php?rest_route=\/wp\/v2\/types\/post"}],"author":[{"embeddable":true,"href":"https:\/\/lambdanachrichten.at\/index.php?rest_route=\/wp\/v2\/users\/4"}],"replies":[{"embeddable":true,"href":"https:\/\/lambdanachrichten.at\/index.php?rest_route=%2Fwp%2Fv2%2Fcomments&post=10245"}],"version-history":[{"count":1,"href":"https:\/\/lambdanachrichten.at\/index.php?rest_route=\/wp\/v2\/posts\/10245\/revisions"}],"predecessor-version":[{"id":10246,"href":"https:\/\/lambdanachrichten.at\/index.php?rest_route=\/wp\/v2\/posts\/10245\/revisions\/10246"}],"wp:featuredmedia":[{"embeddable":true,"href":"https:\/\/lambdanachrichten.at\/index.php?rest_route=\/wp\/v2\/media\/10247"}],"wp:attachment":[{"href":"https:\/\/lambdanachrichten.at\/index.php?rest_route=%2Fwp%2Fv2%2Fmedia&parent=10245"}],"wp:term":[{"taxonomy":"category","embeddable":true,"href":"https:\/\/lambdanachrichten.at\/index.php?rest_route=%2Fwp%2Fv2%2Fcategories&post=10245"},{"taxonomy":"post_tag","embeddable":true,"href":"https:\/\/lambdanachrichten.at\/index.php?rest_route=%2Fwp%2Fv2%2Ftags&post=10245"}],"curies":[{"name":"wp","href":"https:\/\/api.w.org\/{rel}","templated":true}]}}