{"id":10236,"date":"2026-09-04T00:26:00","date_gmt":"2026-09-03T22:26:00","guid":{"rendered":"https:\/\/lambdanachrichten.at\/?p=10236"},"modified":"2026-09-02T21:06:26","modified_gmt":"2026-09-02T19:06:26","slug":"acik-sacik","status":"publish","type":"post","link":"https:\/\/lambdanachrichten.at\/?p=10236","title":{"rendered":"A\u00c7IK S\u2019A\u00c7IK"},"content":{"rendered":"\n<h2 class=\"wp-block-heading\">Widerstand statt Angst bei der Istanbul Pride 2026<\/h2>\n\n\n\n<p class=\"has-drop-cap wp-block-paragraph\">Seit 2003 gibt es die Pride Demonstration in Istanbul, seit 2015 wird sie verboten. Und trotzdem gehen noch immer jeden Sommer Hunderte Menschen auf die Stra\u00dfen und protestieren f\u00fcr ihre Rechte, f\u00fcr Sichtbarkeit und Solidarit\u00e4t. <\/p>\n\n\n\n<p class=\"wp-block-paragraph\">So auch dieses Jahr: Die Pride Week vom 22. bis 28. Juni stand unter dem Motto \u201eA\u00c7IK S\u2019A\u00c7IK\u201c und gipfelte in der Demonstration am letzten Tag. Die Abriegelung zentraler Orte wie dem Taksim Platz, der oft ein Versammlungsort bei Demonstrationen ist, ist an diesem Tag mittlerweile Standard, genauso wie Stra\u00dfensperrungen und Einschr\u00e4nkungen im Nahverkehr. Trotzdem organisiert sich die queere Community, plant ihre Demonstrationen und h\u00e4lt Ort und Zeitpunkt dabei geheim. Bei den Festnahmen der Aktivist*innen kommt es jedes Jahr zu Polizeigewalt und auch Journalist*innen werden immer wieder bei ihrer Arbeit behindert.<\/p>\n\n\n\n<p class=\"wp-block-paragraph\">\u201eA\u00e7ik s\u2019A\u00e7ik\u201c ist eine Art Redewendung, die sich nicht w\u00f6rtlich \u00fcbersetzen l\u00e4sst. \u201eA\u00e7ik\u201c bedeutet offen, am ehesten kann man \u201eA\u00e7ik s\u2019A\u00e7ik\u201c aber mit \u201ehalbnackt\u201c \u00fcbersetzen, in dem Sinne, dass jemand in einer Art und Weise zu freiz\u00fcgig angezogen ist, die f\u00fcr die Situation unangemessen ist. Die Auswahl des diesj\u00e4hrigen Mottos begr\u00fcndet die Istanbul Pride in ihrem Statement mit folgenden Worten:<\/p>\n\n\n\n<p class=\"wp-block-paragraph\">\u201eWe are open, because we refuse to hide.<br>We are shameless, because we do not fit into the morality of your order.<br>We are openly shameless, because our existence exceeds your limits and spills beyond them.\u201c<\/p>\n\n\n\n<p class=\"wp-block-paragraph\">Diese Akzeptanz, dass man nie in die eingeschr\u00e4nkten Vorstellungen der Mehrheitsgesellschaft und Politik passen wird, dass das aber okay ist und man sich dieser Ordnung entzieht und zu sich selbst steht, dass man dabei die auferlegten Grenzen sprengt und den Raum einnimmt, der einem zusteht, ist grundlegend f\u00fcr queeren Widerstand. F\u00fcr Widerstand \u00fcberhaupt. Denn wenn Machthaber, politische Str\u00f6mungen oder reaktion\u00e4re Gruppierungen entschieden haben, dass du ihr Feind bist, dann bist du ihr Feind und sie hoffen, dass du klein beigibst. Auch wenn Angst dabei die nat\u00fcrlichste aller Reaktionen ist, schlie\u00dflich hat jeder Mensch einen mehr oder weniger starken Selbsterhaltungstrieb, hei\u00dft Angst nicht, dass man sich selbst verleugnen oder klein beigeben und sich in vorauseilendem Gehorsam selbst in beengte Schubladen stecken muss. Angst hei\u00dft auch nicht, dass man alle Kontakte abbrechen und sich zur\u00fcckziehen und die T\u00fcren zusperren muss. Denn das ist das zweite Learning aus dem Statement der Istanbul Pride:<\/p>\n\n\n\n<p class=\"wp-block-paragraph\">\u201eFrom here, we call out to everyone: the LGBTI+ struggle is not only the struggle of us LGBTI+ people; it is the struggle of women, the working class, Alevis, Armenians, Kurds, and all oppressed peoples. The LGBTI+ struggle is one of the shared lines of defense of every struggle.\u201c<\/p>\n\n\n\n<p class=\"wp-block-paragraph\">Unsere K\u00e4mpfe sind miteinander verbunden, also sollten wir es auch sein. Die Istanbul Pride ruft dazu auf, auch in der Angst die Solidarit\u00e4t nicht aufzugeben und f\u00fcr die Menschen einzustehen, die Gewalt erleben, unterdr\u00fcckt werden, kriminalisiert werden. Dabei musst du nicht in vorderster Reihe stehen und Konfrontation und Gewalt suchen. Solidarit\u00e4t kann viele Formen annehmen. Wichtig ist nur, dass sie sichtbar ist und du deine Hand all jenen reichst, die die gleichen Unterdr\u00fcckungsmechanismen in all ihren Formen erleben. Unsere St\u00e4rke liegt in der Gemeinschaft, in der Solidarit\u00e4t, in unserem Zusammenhalt und das d\u00fcrfen wir uns nie nehmen lassen.<\/p>\n\n\n\n<p class=\"wp-block-paragraph\">\u201eIn the face of fascism, we do not settle for merely surviving; we insist on not bowing down. WE OPEN UP, WE SPILL OUT.\u201c<\/p>\n\n\n\n<p class=\"wp-block-paragraph\"><strong><em>Beitrag von Daria Vogelberg<br>Internationales Komitee<br>HOSI Wien<\/em><\/strong><\/p>\n\n\n\n<p class=\"wp-block-paragraph\"><\/p>\n","protected":false},"excerpt":{"rendered":"<p>Widerstand statt Angst bei der Istanbul Pride 2026 Seit 2003 gibt es die Pride Demonstration in Istanbul, seit 2015 wird sie verboten. Und trotzdem gehen noch immer jeden Sommer Hunderte Menschen auf die Stra\u00dfen und protestieren f\u00fcr ihre Rechte, f\u00fcr Sichtbarkeit und Solidarit\u00e4t. So auch dieses Jahr: Die Pride Week vom 22. bis 28. Juni [&hellip;]<\/p>\n","protected":false},"author":44,"featured_media":10237,"comment_status":"closed","ping_status":"closed","sticky":false,"template":"","format":"standard","meta":{"footnotes":""},"categories":[16],"tags":[129,79],"class_list":["post-10236","post","type-post","status-publish","format-standard","has-post-thumbnail","hentry","category-community-politik","tag-lambda-204","tag-pride"],"_links":{"self":[{"href":"https:\/\/lambdanachrichten.at\/index.php?rest_route=\/wp\/v2\/posts\/10236","targetHints":{"allow":["GET"]}}],"collection":[{"href":"https:\/\/lambdanachrichten.at\/index.php?rest_route=\/wp\/v2\/posts"}],"about":[{"href":"https:\/\/lambdanachrichten.at\/index.php?rest_route=\/wp\/v2\/types\/post"}],"author":[{"embeddable":true,"href":"https:\/\/lambdanachrichten.at\/index.php?rest_route=\/wp\/v2\/users\/44"}],"replies":[{"embeddable":true,"href":"https:\/\/lambdanachrichten.at\/index.php?rest_route=%2Fwp%2Fv2%2Fcomments&post=10236"}],"version-history":[{"count":4,"href":"https:\/\/lambdanachrichten.at\/index.php?rest_route=\/wp\/v2\/posts\/10236\/revisions"}],"predecessor-version":[{"id":10241,"href":"https:\/\/lambdanachrichten.at\/index.php?rest_route=\/wp\/v2\/posts\/10236\/revisions\/10241"}],"wp:featuredmedia":[{"embeddable":true,"href":"https:\/\/lambdanachrichten.at\/index.php?rest_route=\/wp\/v2\/media\/10237"}],"wp:attachment":[{"href":"https:\/\/lambdanachrichten.at\/index.php?rest_route=%2Fwp%2Fv2%2Fmedia&parent=10236"}],"wp:term":[{"taxonomy":"category","embeddable":true,"href":"https:\/\/lambdanachrichten.at\/index.php?rest_route=%2Fwp%2Fv2%2Fcategories&post=10236"},{"taxonomy":"post_tag","embeddable":true,"href":"https:\/\/lambdanachrichten.at\/index.php?rest_route=%2Fwp%2Fv2%2Ftags&post=10236"}],"curies":[{"name":"wp","href":"https:\/\/api.w.org\/{rel}","templated":true}]}}