{"id":10229,"date":"2026-09-04T00:25:00","date_gmt":"2026-09-03T22:25:00","guid":{"rendered":"https:\/\/lambdanachrichten.at\/?p=10229"},"modified":"2026-09-02T21:01:35","modified_gmt":"2026-09-02T19:01:35","slug":"hosi-wien-im-sommer-6","status":"publish","type":"post","link":"https:\/\/lambdanachrichten.at\/?p=10229","title":{"rendered":"HOSI Wien im Sommer"},"content":{"rendered":"\n<h3 class=\"wp-block-heading\">Mahnwache zum CSD Berlin<\/h3>\n\n\n\n<p class=\"wp-block-paragraph\">Der Anschlag w\u00e4hrend des CSD Berlins am 25. Juli hat die Community ersch\u00fcttert. Am 29. Juli fand eine Mahnwache vor der Deutschen Botschaft in Wien statt, an der mehrere hundert Menschen teilnahmen. <\/p>\n\n\n\n<p class=\"wp-block-paragraph\">In ihrer Rede hob HOSI Wien Obfrau Ann-Sophie Otte hervor: \u201eHeute stehen wir nicht hier, um \u00fcber politische Forderungen zu sprechen. Wir stehen hier, weil ein Mensch ermordet wurde. Eine Mutter wurde beim CSD in Berlin aus dem Leben gerissen. Viele weitere Menschen wurden verletzt. Ein Ort, der f\u00fcr Freiheit, Selbstbestimmung und den Kampf f\u00fcr queere Rechte steht, wurde zum Schauplatz von Angst und Gewalt. [\u2026] Wir wissen: Das war kein Einzelfall. Orlando. Oslo. Bratislava. Immer wieder werden queere Menschen gezielt angegriffen, weil sie sind, wer sie sind. Dieser Anschlag war islamistisch motiviert. Islamismus richtet sich gegen Freiheit, Vielfalt und unsere Existenz. Gleichzeitig d\u00fcrfen wir nicht zulassen, dass daraus Hass auf ganze Bev\u00f6lkerungsgruppen entsteht. Unsere muslimischen Nachbar*innen, Freund*innen und Mitmenschen sind nicht unsere Gegner. Hass schafft keine Sicherheit. Auch die Politik tr\u00e4gt Verantwortung. Worte haben Konsequenzen. Wer mit Ausgrenzung und Feindbildern arbeitet, schafft ein Klima, in dem Gewalt wachsen kann. Pride war nie nur ein Fest. Pride war immer Protest: gegen Hass, gegen Gewalt und f\u00fcr das Recht, frei, sichtbar und mit Queer Joy zu leben.<\/p>\n\n\n\n<p class=\"wp-block-paragraph\">Jetzt ist die Zeit f\u00fcr Zusammenhalt. Differenzen m\u00fcssen zur\u00fcckstehen. Social-Media-Posts allein reichen nicht. Es braucht Menschen, die Verantwortung \u00fcbernehmen, R\u00e4ume schaffen und unsere Community st\u00e4rken. Queere Spaces sind Schutzr\u00e4ume \u2013 und sie brauchen uns. Lassen wir nicht zu, dass aus Angst Schweigen wird oder aus Trauer Spaltung. Diejenigen, die uns angreifen, wollen genau das.<\/p>\n\n\n\n<p class=\"wp-block-paragraph\">Unsere Antwort bleibt Zusammenhalt. Hoffnung. Sichtbarkeit.\u201c<\/p>\n\n\n\n<h3 class=\"wp-block-heading\">\u201eBetween Home and Myself\u201c<\/h3>\n\n\n\n<p class=\"wp-block-paragraph\">Am 26. Mai haben wir die Dokumentation \u201eBetween Home and Myself\u201c gezeigt, in dem die Lebensrealit\u00e4ten von LGBTIQ-Personen in Belarus, die zwischen ihrer Heimat und der gezwungenen Emigration stehen, beleuchtet werden. Anhand von zwei pers\u00f6nlichen Geschichten erz\u00e4hlt der Film, wie staatliche Queerfeindlichkeit, Angst und sozialer Druck den Alltag beeinflussen und was es bedeutet, weit entfernt von Zuhause nach Sicherheit und W\u00fcrde zu suchen. Es ist eine ruhige und ehrliche Erz\u00e4hlung \u00fcber Verletzlichkeit, Resilienz und die Relevanz von Solidarit\u00e4t, wenn die Zukunft unsicher scheint. <\/p>\n\n\n\n<p class=\"wp-block-paragraph\">Hier zum Nachschauen: <em><a href=\"https:\/\/m.youtube.com\/watch?v=_y6IltCIhjY&amp;ra=m\" target=\"_blank\" rel=\"noopener\">https:\/\/m.youtube.com\/watch?v=_y6IltCIhjY&amp;ra=m<\/a><\/em><\/p>\n\n\n\n<h3 class=\"wp-block-heading\">Disability Pride Month<\/h3>\n\n\n<div class=\"wp-block-image\">\n<figure class=\"aligncenter size-full\"><img loading=\"lazy\" decoding=\"async\" width=\"800\" height=\"484\" src=\"https:\/\/lambdanachrichten.at\/wp-content\/uploads\/2026\/09\/Disability-Pride-Month.jpg\" alt=\"\" class=\"wp-image-10230\" srcset=\"https:\/\/lambdanachrichten.at\/wp-content\/uploads\/2026\/09\/Disability-Pride-Month.jpg 800w, https:\/\/lambdanachrichten.at\/wp-content\/uploads\/2026\/09\/Disability-Pride-Month-300x182.jpg 300w, https:\/\/lambdanachrichten.at\/wp-content\/uploads\/2026\/09\/Disability-Pride-Month-150x91.jpg 150w, https:\/\/lambdanachrichten.at\/wp-content\/uploads\/2026\/09\/Disability-Pride-Month-768x465.jpg 768w\" sizes=\"auto, (max-width: 800px) 100vw, 800px\" \/><\/figure>\n<\/div>\n\n\n<p class=\"wp-block-paragraph\">Der Juli ist Disability Pride Month! Aus diesem Anlass fanden Anfang Juli zwei Workshops im \u201eGugg\u201c statt. Gemeinsam durften wir so einen Raum f\u00fcr Austausch, Perspektivenwechsel und gemeinsames Lernen schaffen. Besonders sch\u00f6n war der interaktive Teil, bei dem unfassbar viele Ideen und Perspektiven f\u00fcr barrierearme R\u00e4ume gesammelt wurden. Genau solch ein Austausch zeigt, wie wichtig es ist, miteinander ins Gespr\u00e4ch zu kommen und miteinander zu lernen.<\/p>\n\n\n\n<p class=\"wp-block-paragraph\">Ein herzliches Dankesch\u00f6n an unsere gro\u00dfartigen Panel-G\u00e4st*innen, die ihre Erfahrungen, ihr Wissen und ihre Perspektiven mit uns geteilt haben. Eure Offenheit, euer Aktivismus und euer Engagement haben den Workshop zu etwas Besonderem gemacht.<\/p>\n\n\n\n<h3 class=\"wp-block-heading\">Pride Season 2026<\/h3>\n\n\n<div class=\"wp-block-image\">\n<figure class=\"aligncenter size-full\"><img loading=\"lazy\" decoding=\"async\" width=\"800\" height=\"616\" src=\"https:\/\/lambdanachrichten.at\/wp-content\/uploads\/2026\/09\/Regenbogenparade-2026.jpg\" alt=\"\" class=\"wp-image-10231\" srcset=\"https:\/\/lambdanachrichten.at\/wp-content\/uploads\/2026\/09\/Regenbogenparade-2026.jpg 800w, https:\/\/lambdanachrichten.at\/wp-content\/uploads\/2026\/09\/Regenbogenparade-2026-300x231.jpg 300w, https:\/\/lambdanachrichten.at\/wp-content\/uploads\/2026\/09\/Regenbogenparade-2026-150x116.jpg 150w, https:\/\/lambdanachrichten.at\/wp-content\/uploads\/2026\/09\/Regenbogenparade-2026-768x591.jpg 768w\" sizes=\"auto, (max-width: 800px) 100vw, 800px\" \/><\/figure>\n<\/div>\n\n\n<p class=\"wp-block-paragraph\">Mit unserem Regenbogenbogen starteten wir am 15. Mai die Pride-Season. Wie immer fand er im \u201eRoter Bogen\u201c statt, wo wir uns bei g\u00fcnstigen Drinks, guter Musik und Schanigarten entspannten. Der n\u00e4chste Regenbogenbogen findet \u00fcbrigens am 19. September statt. <\/p>\n\n\n\n<p class=\"wp-block-paragraph\">Ende Mai ging es weiter, mit der Vienna Pride Konferenz am 29. Mai, gefolgt vom Community Fest und dem Pride Run im Prater am 30. Mai, und zahlreichen weiteren Veranstaltungen im Rahmen der Vienna Pride 2026. Das Community Fest im Prater fand heuer zum ersten Mal statt, anstelle des mehrt\u00e4gigen Pride Village am Rathausplatz.<\/p>\n\n\n\n<p class=\"wp-block-paragraph\">Am Samstag, den 13. Juni, zog dann die 30. Wiener Regenbogenparade angef\u00fchrt vom HOSI Wien\/Vienna Pride-Truck gegen die Fahrtrichtung \u00fcber die Wiener Ringstra\u00dfe. An der gr\u00f6\u00dften Menschenrechtsdemonstration des Landes nahmen 320.000 Menschen teil. Laut, sichtbar und bunt \u2013 f\u00fcr gleiche Rechte und ein diskriminierungsfreies Leben. In \u00d6sterreich und weltweit. Wir danken besonders den zahlreichen ehrenamtlichen Helfer*innen.<\/p>\n\n\n\n<p class=\"wp-block-paragraph\">Die HOSI Wien entsandte auch Delegationen zu anderen Prides, unter anderem der St. Pride in St. P\u00f6lten am 25. Juli, und der WorldPride 2026 in Amsterdam. Mit dem Zero Flags Project gab es dort eine eindringliche Ausstellung zentral auf dem Museumsplein: Homosexualit\u00e4t wird in 63 L\u00e4ndern weiterhin per Gesetz kriminalisiert. In 12 davon droht sogar die Todesstrafe. Das Projekt macht diese Realit\u00e4t sichtbar und verbindet damit einen politischen Auftrag: den Countdown zu \u201aZero Flags\u2018. Beim WorldPride March marschierten wir f\u00fcr die Millionen LGBTIQ-Personen weltweit, die nicht sicher selbst demonstrieren k\u00f6nnen. Die Fahnen des Zero Flag Projects machten ihre K\u00e4mpfe sichtbar.<\/p>\n\n\n\n<h3 class=\"wp-block-heading\"><\/h3>\n\n\n\n<p class=\"wp-block-paragraph\"><\/p>\n","protected":false},"excerpt":{"rendered":"<p>Mahnwache zum CSD Berlin Der Anschlag w\u00e4hrend des CSD Berlins am 25. Juli hat die Community ersch\u00fcttert. Am 29. Juli fand eine Mahnwache vor der Deutschen Botschaft in Wien statt, an der mehrere hundert Menschen teilnahmen. In ihrer Rede hob HOSI Wien Obfrau Ann-Sophie Otte hervor: \u201eHeute stehen wir nicht hier, um \u00fcber politische Forderungen [&hellip;]<\/p>\n","protected":false},"author":64,"featured_media":10233,"comment_status":"closed","ping_status":"closed","sticky":false,"template":"","format":"standard","meta":{"footnotes":""},"categories":[16],"tags":[129,79],"class_list":["post-10229","post","type-post","status-publish","format-standard","has-post-thumbnail","hentry","category-community-politik","tag-lambda-204","tag-pride"],"_links":{"self":[{"href":"https:\/\/lambdanachrichten.at\/index.php?rest_route=\/wp\/v2\/posts\/10229","targetHints":{"allow":["GET"]}}],"collection":[{"href":"https:\/\/lambdanachrichten.at\/index.php?rest_route=\/wp\/v2\/posts"}],"about":[{"href":"https:\/\/lambdanachrichten.at\/index.php?rest_route=\/wp\/v2\/types\/post"}],"author":[{"embeddable":true,"href":"https:\/\/lambdanachrichten.at\/index.php?rest_route=\/wp\/v2\/users\/64"}],"replies":[{"embeddable":true,"href":"https:\/\/lambdanachrichten.at\/index.php?rest_route=%2Fwp%2Fv2%2Fcomments&post=10229"}],"version-history":[{"count":2,"href":"https:\/\/lambdanachrichten.at\/index.php?rest_route=\/wp\/v2\/posts\/10229\/revisions"}],"predecessor-version":[{"id":10235,"href":"https:\/\/lambdanachrichten.at\/index.php?rest_route=\/wp\/v2\/posts\/10229\/revisions\/10235"}],"wp:featuredmedia":[{"embeddable":true,"href":"https:\/\/lambdanachrichten.at\/index.php?rest_route=\/wp\/v2\/media\/10233"}],"wp:attachment":[{"href":"https:\/\/lambdanachrichten.at\/index.php?rest_route=%2Fwp%2Fv2%2Fmedia&parent=10229"}],"wp:term":[{"taxonomy":"category","embeddable":true,"href":"https:\/\/lambdanachrichten.at\/index.php?rest_route=%2Fwp%2Fv2%2Fcategories&post=10229"},{"taxonomy":"post_tag","embeddable":true,"href":"https:\/\/lambdanachrichten.at\/index.php?rest_route=%2Fwp%2Fv2%2Ftags&post=10229"}],"curies":[{"name":"wp","href":"https:\/\/api.w.org\/{rel}","templated":true}]}}